{"id":69942,"date":"2023-12-18T18:52:53","date_gmt":"2023-12-18T21:52:53","guid":{"rendered":"https:\/\/www.todoeldia.com\/?p=69942"},"modified":"2023-12-18T18:52:53","modified_gmt":"2023-12-18T21:52:53","slug":"alfredo-olmedo-presidente-del-parlasur-tras-un-polemico-acuerdo-entre-libertarios-y-kirchneristas","status":"publish","type":"post","link":"https:\/\/www.todoeldia.com\/index.php\/2023\/12\/18\/alfredo-olmedo-presidente-del-parlasur-tras-un-polemico-acuerdo-entre-libertarios-y-kirchneristas\/","title":{"rendered":"Alfredo Olmedo presidente del Parlasur tras un pol\u00e9mico acuerdo entre libertarios y kirchneristas"},"content":{"rendered":"\n<p>Cuatro representantes de LLA se rebelaron al pedido de la Casa Rosada y votaron junto a Uni\u00f3n por la Patria. Por esa decisi\u00f3n, favorecieron a Gabriel Fuks, que protagoniz\u00f3 un esc\u00e1ndalo diplom\u00e1tico con Ecuador.<\/p>\n\n\n\n<p>La votaci\u00f3n de la presidencia del Parlamento del Mercosur 2024 -vicepresidencia hasta fin de a\u00f1o- gener\u00f3 un quiebre en la Libertad Avanza: cuatro legisladores no acataron las \u00f3rdenes de la Casa Rosada y acordaron con el kirchnerismo para que el por ahora libertario y ex diputado Alfredo Olmedo (Salta) se quede con esa importante butaca, que le corresponde a la Argentina.<\/p>\n\n\n\n<p>El escenario dejar\u00e1 bien parado al tambi\u00e9n legislador del Parlasur Gabriel Fuks, acusado por Ecuador de proteger -en su estad\u00eda como embajador argentino en dicho destino- a la ex funcionaria Mar\u00eda de los \u00c1ngeles Duarte Pesantes, condenada all\u00ed a ocho a\u00f1os de prisi\u00f3n por corrupci\u00f3n.<\/p>\n\n\n\n<p>Los integrantes que se \u201cdieron vuelta\u201d, seg\u00fan relataron a Infobae desde La Libertad Avanza, fueron Olmedo, Julio Serna -cercano al ex operador de Javier Milei y actual senador bonaerense, Carlos Kikuchi-, Mario Horacio Nallar y Rodolfo Eiben.<\/p>\n\n\n\n<p>El acuerdo entre los cuatro libertarios y el kirchnerismo dejar\u00eda a Fuks con la jefatura de delegaci\u00f3n y la secretar\u00eda de Derechos Humanos para su compa\u00f1era de bancada Victoria Donda.<\/p>\n\n\n\n<p>Idas y vueltas<\/p>\n\n\n\n<p>La cronolog\u00eda del inconveniente que se le suma a Javier Milei y a su canciller, Diana Mondino, se inici\u00f3 d\u00edas atr\u00e1s. El acuerdo inicial entre el oficialismo y la oposici\u00f3n no kirchnerista -pese a que hab\u00eda di\u00e1logos con Uni\u00f3n por la Patria- era postular al libertario Patricio Villegas. Sin embargo, un llamado desde el Ejecutivo ubic\u00f3 a Olmedo en juego y enturbi\u00f3 la negociaci\u00f3n.<\/p>\n\n\n\n<p>Tras varias idas y vueltas, la orden final desde la Casa Rosada fue dejar a Villegas en la vicepresidencia hasta fin de a\u00f1o y, desde 2024, como titular del Parlasur, sitio que corresponder\u00e1 a la Argentina. A partir de all\u00ed, Olmedo se acerc\u00f3 al kirchnerismo y comenz\u00f3 a negociar por su cuenta con Uni\u00f3n por la Patria y a atrapar a los \u201colvidados\u201d de la Libertad Avanza.<\/p>\n\n\n\n<p>\u201cNosotros dejamos mucho en nuestros distritos por Milei. Hicimos de todo para que llegara al poder y ahora nadie atiende el tel\u00e9fono\u201d, manifestaron desde dicha bancada. En particular, los ofuscados apuntan a su hermana y actual secretaria general de la Presidencia, Karina Milei, \u201cel jefe\u201d.<\/p>\n\n\n\n<p>Durante la jornada de hoy, legisladores libertarios fueron incluso advertidos por el propio kirchnerismo de la jugada que estaba a punto de concretar Olmedo. \u201cVino con una propuesta mejor y nos va a dar todo en las comisiones y el resto de cuestiones internas. Ustedes nos dan menos\u201d, deslizaron desde Uni\u00f3n por la Patria a La Libertad Avanza.<\/p>\n\n\n\n<p>Tras varios cuartos intermedios, la votaci\u00f3n final fue de dos votos a favor de Olmedo y el acuerdo por Fuks, contra Villegas y otro candidato -del interior- de Uni\u00f3n por la Patria.<\/p>\n\n\n\n<p>Una vez consumado el asunto, el diputado macrista Fernando Iglesias expres\u00f3 en redes sociales: \u201cEn una sesi\u00f3n vergonzosa y sin quorum. El parlamento del Mercosur eligi\u00f3 como presidente al diputado Olmedo, con el voto un\u00e1nime de Uni\u00f3n por la Patria para reservar la jefatura de delegaci\u00f3n para Fuks y la secretar\u00eda de DDHH para Donda. Panquecazo salte\u00f1o. Viva Per\u00f3n! Son 30.000\u2033.<\/p>\n","protected":false},"excerpt":{"rendered":"<p>Cuatro representantes de LLA se rebelaron al pedido de la Casa Rosada y votaron junto a Uni\u00f3n por la Patria. Por esa decisi\u00f3n, favorecieron a Gabriel Fuks, que protagoniz\u00f3 un esc\u00e1ndalo diplom\u00e1tico con Ecuador. La votaci\u00f3n de la presidencia del Parlamento del Mercosur 2024 -vicepresidencia hasta fin de a\u00f1o- gener\u00f3 un quiebre en la Libertad [&hellip;]<\/p>\n","protected":false},"author":2,"featured_media":69943,"comment_status":"open","ping_status":"open","sticky":false,"template":"","format":"standard","meta":{"tdm_status":"","tdm_grid_status":"","_joinchat":[],"footnotes":""},"categories":[59],"tags":[],"class_list":{"0":"post-69942","1":"post","2":"type-post","3":"status-publish","4":"format-standard","5":"has-post-thumbnail","7":"category-politica"},"amp_enabled":true,"_links":{"self":[{"href":"https:\/\/www.todoeldia.com\/index.php\/wp-json\/wp\/v2\/posts\/69942","targetHints":{"allow":["GET"]}}],"collection":[{"href":"https:\/\/www.todoeldia.com\/index.php\/wp-json\/wp\/v2\/posts"}],"about":[{"href":"https:\/\/www.todoeldia.com\/index.php\/wp-json\/wp\/v2\/types\/post"}],"author":[{"embeddable":true,"href":"https:\/\/www.todoeldia.com\/index.php\/wp-json\/wp\/v2\/users\/2"}],"replies":[{"embeddable":true,"href":"https:\/\/www.todoeldia.com\/index.php\/wp-json\/wp\/v2\/comments?post=69942"}],"version-history":[{"count":1,"href":"https:\/\/www.todoeldia.com\/index.php\/wp-json\/wp\/v2\/posts\/69942\/revisions"}],"predecessor-version":[{"id":69944,"href":"https:\/\/www.todoeldia.com\/index.php\/wp-json\/wp\/v2\/posts\/69942\/revisions\/69944"}],"wp:featuredmedia":[{"embeddable":true,"href":"https:\/\/www.todoeldia.com\/index.php\/wp-json\/wp\/v2\/media\/69943"}],"wp:attachment":[{"href":"https:\/\/www.todoeldia.com\/index.php\/wp-json\/wp\/v2\/media?parent=69942"}],"wp:term":[{"taxonomy":"category","embeddable":true,"href":"https:\/\/www.todoeldia.com\/index.php\/wp-json\/wp\/v2\/categories?post=69942"},{"taxonomy":"post_tag","embeddable":true,"href":"https:\/\/www.todoeldia.com\/index.php\/wp-json\/wp\/v2\/tags?post=69942"}],"curies":[{"name":"wp","href":"https:\/\/api.w.org\/{rel}","templated":true}]}}