{"id":69963,"date":"2023-12-19T09:50:43","date_gmt":"2023-12-19T12:50:43","guid":{"rendered":"https:\/\/www.todoeldia.com\/?p=69963"},"modified":"2023-12-19T09:50:44","modified_gmt":"2023-12-19T12:50:44","slug":"saenz-partio-a-buenos-aires-a-las-9-15-para-la-reunion-con-javier-milei","status":"publish","type":"post","link":"https:\/\/www.todoeldia.com\/index.php\/2023\/12\/19\/saenz-partio-a-buenos-aires-a-las-9-15-para-la-reunion-con-javier-milei\/","title":{"rendered":"S\u00e1enz parti\u00f3 a Buenos Aires a las 9.15 para la reuni\u00f3n con Javier Milei"},"content":{"rendered":"\n<p>El encuentro con los gobernadores se realizar\u00e1 en la Casa Rosada en medio de la discusi\u00f3n por la coparticipaci\u00f3n y las transferencias discrecionales. Fue organizado por el ministro del Interior, Guillermo Francos. Las posibles medidas que pedir\u00e1n los mandatarios provinciales.<\/p>\n\n\n\n<p>El presidente Javier Milei se reunir\u00e1 este martes, por primera vez desde que asumi\u00f3 en el cargo, con los gobernadores de todo el pa\u00eds, en medio de las negociaciones por la revisi\u00f3n de algunos impuestos coparticipables, que impulsar\u00eda en los pr\u00f3ximos d\u00edas, y de la reducci\u00f3n de las transferencias discrecionales a las provincias.<\/p>\n\n\n\n<p>El encuentro se realizar\u00e1 en la Casa Rosada, desde las 12, y fue organizado por el ministro del Interior, Guillermo Francos, quien la semana pasada mantuvo una conversaci\u00f3n virtual con los mandatarios locales, en las que les anunci\u00f3 que ser\u00edan recibidos por el jefe de Estado.<\/p>\n\n\n\n<p>En esta oportunidad, la intenci\u00f3n es que todos los convocados asistan de manera presencial a la sede gubernamental, para tener su primer di\u00e1logo de frente con Milei, en una jornada que, seg\u00fan anticiparon a Infobae distintas fuentes, tendr\u00e1 agenda abierta de temas a tratar.<\/p>\n\n\n\n<p>De esta manera, se espera que por la ma\u00f1ana arriben a Balcarce 50 Alfredo Cornejo (Mendoza), Maximiliano Pullaro (Santa Fe), Leandro Zdero (Chaco), Gustavo Vald\u00e9s (Corrientes) y Carlos Sadir (Jujuy), todos ellos de la Uni\u00f3n C\u00edvica Radical, as\u00ed como tambi\u00e9n Jorge Macri (CABA), Rogelio Frigerio (Entre R\u00edos) e Ignacio Torres (Chubut), del PRO.<\/p>\n\n\n\n<p>Vinculados al kirchnerismo, participar\u00e1n Axel Kicillof (Buenos Aires), Gildo Insfr\u00e1n (Formosa), Gerardo Zamora (Santiago del Estero), Osvaldo Jaldo (Tucum\u00e1n), Gustavo Melella (Tierra del Fuego), Hugo Passalacqua (Misiones), Ra\u00fal Jalil (Catamarca), Ricardo Quintela (La Rioja) y Sergio Ziliotto (La Pampa).<\/p>\n\n\n\n<p>Tambi\u00e9n fueron invitados los independientes Claudio Poggi (San Luis), Claudio Vidal (Santa Cruz), Marcelo Orrego (San Juan), Gustavo S\u00e1enz (Salta), Alberto Weretilneck (R\u00edo Negro), Rolando Figueroa (Neuqu\u00e9n) y Mart\u00edn Llaryora (C\u00f3rdoba).<\/p>\n","protected":false},"excerpt":{"rendered":"<p>El encuentro con los gobernadores se realizar\u00e1 en la Casa Rosada en medio de la discusi\u00f3n por la coparticipaci\u00f3n y las transferencias discrecionales. Fue organizado por el ministro del Interior, Guillermo Francos. Las posibles medidas que pedir\u00e1n los mandatarios provinciales. El presidente Javier Milei se reunir\u00e1 este martes, por primera vez desde que asumi\u00f3 en [&hellip;]<\/p>\n","protected":false},"author":2,"featured_media":59533,"comment_status":"open","ping_status":"open","sticky":false,"template":"","format":"standard","meta":{"tdm_status":"","tdm_grid_status":"","_joinchat":[],"footnotes":""},"categories":[59],"tags":[],"class_list":{"0":"post-69963","1":"post","2":"type-post","3":"status-publish","4":"format-standard","5":"has-post-thumbnail","7":"category-politica"},"amp_enabled":true,"_links":{"self":[{"href":"https:\/\/www.todoeldia.com\/index.php\/wp-json\/wp\/v2\/posts\/69963","targetHints":{"allow":["GET"]}}],"collection":[{"href":"https:\/\/www.todoeldia.com\/index.php\/wp-json\/wp\/v2\/posts"}],"about":[{"href":"https:\/\/www.todoeldia.com\/index.php\/wp-json\/wp\/v2\/types\/post"}],"author":[{"embeddable":true,"href":"https:\/\/www.todoeldia.com\/index.php\/wp-json\/wp\/v2\/users\/2"}],"replies":[{"embeddable":true,"href":"https:\/\/www.todoeldia.com\/index.php\/wp-json\/wp\/v2\/comments?post=69963"}],"version-history":[{"count":1,"href":"https:\/\/www.todoeldia.com\/index.php\/wp-json\/wp\/v2\/posts\/69963\/revisions"}],"predecessor-version":[{"id":69964,"href":"https:\/\/www.todoeldia.com\/index.php\/wp-json\/wp\/v2\/posts\/69963\/revisions\/69964"}],"wp:featuredmedia":[{"embeddable":true,"href":"https:\/\/www.todoeldia.com\/index.php\/wp-json\/wp\/v2\/media\/59533"}],"wp:attachment":[{"href":"https:\/\/www.todoeldia.com\/index.php\/wp-json\/wp\/v2\/media?parent=69963"}],"wp:term":[{"taxonomy":"category","embeddable":true,"href":"https:\/\/www.todoeldia.com\/index.php\/wp-json\/wp\/v2\/categories?post=69963"},{"taxonomy":"post_tag","embeddable":true,"href":"https:\/\/www.todoeldia.com\/index.php\/wp-json\/wp\/v2\/tags?post=69963"}],"curies":[{"name":"wp","href":"https:\/\/api.w.org\/{rel}","templated":true}]}}