{"id":69971,"date":"2023-12-19T10:30:52","date_gmt":"2023-12-19T13:30:52","guid":{"rendered":"https:\/\/www.todoeldia.com\/?p=69971"},"modified":"2023-12-19T10:30:53","modified_gmt":"2023-12-19T13:30:53","slug":"asesinaron-a-un-hombre-en-cerrillos-y-los-condenaron-a-4-anos-y-6-meses-de-prision","status":"publish","type":"post","link":"https:\/\/www.todoeldia.com\/index.php\/2023\/12\/19\/asesinaron-a-un-hombre-en-cerrillos-y-los-condenaron-a-4-anos-y-6-meses-de-prision\/","title":{"rendered":"Asesinaron a un hombre en Cerrillos y los condenaron a 4 a\u00f1os y 6 meses de prision"},"content":{"rendered":"\n<p>Un hombre y una mujer fueron juzgados por el homicidio de un joven de 36 a\u00f1os, quien, tras ser agredido en Cerrillos, falleci\u00f3 el pasado mes de abril por un TEC grave.<\/p>\n\n\n\n<p>El fiscal penal 1 de la Unidad de Graves Atentados contra las Personas, Leandro Flores, represent\u00f3 al Ministerio P\u00fablico Fiscal ante la Sala VI del Tribunal de Juicio del distrito Centro, en la audiencia de debate contra Celina Elizabeth L\u00f3pez como coautora del delito de homicidio simple y para Brian Isaac Rodr\u00edguez como coautor del delito de homicidio simple y autor del delito de lesiones leves en concurso real.<\/p>\n\n\n\n<p>El hecho ocurri\u00f3 el domingo 3 de abril de 2022 en Cerrillos, cuando un hombre de 36 a\u00f1os, oriundo de El Carril, fue agredido f\u00edsicamente por los acusados y como resultado de las lesiones recibidas, falleci\u00f3 d\u00edas despu\u00e9s en el hospital San Bernardo.<\/p>\n\n\n\n<p>Un amigo del fallecido, quien intent\u00f3 defenderlo de las agresiones, fue golpeado por el acusado Rodr\u00edguez y result\u00f3 tambi\u00e9n lesionado.<\/p>\n\n\n\n<p>Durante los alegatos, el fiscal Flores sostuvo la acusaci\u00f3n para ambos imputados y solicit\u00f3 que sean condenados a la pena de 8 a\u00f1os y 6 meses.<\/p>\n\n\n\n<p>En el veredicto, el juez Guillermo Pereyra les impuso una pena de 4 a\u00f1os y 6 meses como coautores del delito de lesiones graves.<\/p>\n","protected":false},"excerpt":{"rendered":"<p>Un hombre y una mujer fueron juzgados por el homicidio de un joven de 36 a\u00f1os, quien, tras ser agredido en Cerrillos, falleci\u00f3 el pasado mes de abril por un TEC grave. El fiscal penal 1 de la Unidad de Graves Atentados contra las Personas, Leandro Flores, represent\u00f3 al Ministerio P\u00fablico Fiscal ante la Sala [&hellip;]<\/p>\n","protected":false},"author":2,"featured_media":69442,"comment_status":"open","ping_status":"open","sticky":false,"template":"","format":"standard","meta":{"tdm_status":"","tdm_grid_status":"","_joinchat":[],"footnotes":""},"categories":[63],"tags":[],"class_list":{"0":"post-69971","1":"post","2":"type-post","3":"status-publish","4":"format-standard","5":"has-post-thumbnail","7":"category-policiales"},"amp_enabled":true,"_links":{"self":[{"href":"https:\/\/www.todoeldia.com\/index.php\/wp-json\/wp\/v2\/posts\/69971","targetHints":{"allow":["GET"]}}],"collection":[{"href":"https:\/\/www.todoeldia.com\/index.php\/wp-json\/wp\/v2\/posts"}],"about":[{"href":"https:\/\/www.todoeldia.com\/index.php\/wp-json\/wp\/v2\/types\/post"}],"author":[{"embeddable":true,"href":"https:\/\/www.todoeldia.com\/index.php\/wp-json\/wp\/v2\/users\/2"}],"replies":[{"embeddable":true,"href":"https:\/\/www.todoeldia.com\/index.php\/wp-json\/wp\/v2\/comments?post=69971"}],"version-history":[{"count":1,"href":"https:\/\/www.todoeldia.com\/index.php\/wp-json\/wp\/v2\/posts\/69971\/revisions"}],"predecessor-version":[{"id":69972,"href":"https:\/\/www.todoeldia.com\/index.php\/wp-json\/wp\/v2\/posts\/69971\/revisions\/69972"}],"wp:featuredmedia":[{"embeddable":true,"href":"https:\/\/www.todoeldia.com\/index.php\/wp-json\/wp\/v2\/media\/69442"}],"wp:attachment":[{"href":"https:\/\/www.todoeldia.com\/index.php\/wp-json\/wp\/v2\/media?parent=69971"}],"wp:term":[{"taxonomy":"category","embeddable":true,"href":"https:\/\/www.todoeldia.com\/index.php\/wp-json\/wp\/v2\/categories?post=69971"},{"taxonomy":"post_tag","embeddable":true,"href":"https:\/\/www.todoeldia.com\/index.php\/wp-json\/wp\/v2\/tags?post=69971"}],"curies":[{"name":"wp","href":"https:\/\/api.w.org\/{rel}","templated":true}]}}