{"id":69988,"date":"2023-12-19T13:58:10","date_gmt":"2023-12-19T16:58:10","guid":{"rendered":"https:\/\/www.todoeldia.com\/?p=69988"},"modified":"2023-12-19T14:34:47","modified_gmt":"2023-12-19T17:34:47","slug":"12-anos-de-prision-por-el-homicidio-de-la-docente-rosa-sulca-en-villa-mitre","status":"publish","type":"post","link":"https:\/\/www.todoeldia.com\/index.php\/2023\/12\/19\/12-anos-de-prision-por-el-homicidio-de-la-docente-rosa-sulca-en-villa-mitre\/","title":{"rendered":"12 a\u00f1os de prisi\u00f3n para la joven que asesin\u00f3 a la docente Rosa Sulca en Villa Mitre"},"content":{"rendered":"\n<p>Se realiz\u00f3 la imposici\u00f3n de pena a una mujer, menor al momento del hecho, como responsable del homicidio calificado criminis causa de Rosa Sulca, ocurrido en abril de 2020 en Villa Mitre de la ciudad de Salta.<\/p>\n\n\n\n<p>La fiscal penal Ver\u00f3nica Simesen de Bielke, interina en la Fiscal\u00eda Penal de Menores 1, represent\u00f3 al Ministerio P\u00fablico Fiscal ante la Juzgado de Menores 1 del distrito Centro, en la audiencia de imposici\u00f3n de pena a una mujer, menor al momento del hecho, declarada responsable del delito de homicidio calificado criminis causa de Rosa Sulca, ocurrido el 28 de abril de 2020 en su vivienda de Villa Mitre de la ciudad de Salta, para quien solicit\u00f3 una pena de 15 a\u00f1os de prisi\u00f3n efectiva.<\/p>\n\n\n\n<p>La jueza Tatiana Dip Torres ratific\u00f3 la declaraci\u00f3n de responsabilidad de la entonces menor y le impuso una pena de 12 a\u00f1os de prisi\u00f3n.<\/p>\n\n\n\n<p>El hecho ocurri\u00f3 el 28 de abril de 2020, en una vivienda de Amalia Aybar al 1400 de Villa Mitre, donde la docente falleci\u00f3 tras recibir heridas de arma blanca.<\/p>\n","protected":false},"excerpt":{"rendered":"<p>Se realiz\u00f3 la imposici\u00f3n de pena a una mujer, menor al momento del hecho, como responsable del homicidio calificado criminis causa de Rosa Sulca, ocurrido en abril de 2020 en Villa Mitre de la ciudad de Salta. La fiscal penal Ver\u00f3nica Simesen de Bielke, interina en la Fiscal\u00eda Penal de Menores 1, represent\u00f3 al Ministerio [&hellip;]<\/p>\n","protected":false},"author":2,"featured_media":27406,"comment_status":"open","ping_status":"open","sticky":false,"template":"","format":"standard","meta":{"tdm_status":"","tdm_grid_status":"","_joinchat":[],"footnotes":""},"categories":[63],"tags":[],"class_list":{"0":"post-69988","1":"post","2":"type-post","3":"status-publish","4":"format-standard","5":"has-post-thumbnail","7":"category-policiales"},"amp_enabled":true,"_links":{"self":[{"href":"https:\/\/www.todoeldia.com\/index.php\/wp-json\/wp\/v2\/posts\/69988","targetHints":{"allow":["GET"]}}],"collection":[{"href":"https:\/\/www.todoeldia.com\/index.php\/wp-json\/wp\/v2\/posts"}],"about":[{"href":"https:\/\/www.todoeldia.com\/index.php\/wp-json\/wp\/v2\/types\/post"}],"author":[{"embeddable":true,"href":"https:\/\/www.todoeldia.com\/index.php\/wp-json\/wp\/v2\/users\/2"}],"replies":[{"embeddable":true,"href":"https:\/\/www.todoeldia.com\/index.php\/wp-json\/wp\/v2\/comments?post=69988"}],"version-history":[{"count":2,"href":"https:\/\/www.todoeldia.com\/index.php\/wp-json\/wp\/v2\/posts\/69988\/revisions"}],"predecessor-version":[{"id":69992,"href":"https:\/\/www.todoeldia.com\/index.php\/wp-json\/wp\/v2\/posts\/69988\/revisions\/69992"}],"wp:featuredmedia":[{"embeddable":true,"href":"https:\/\/www.todoeldia.com\/index.php\/wp-json\/wp\/v2\/media\/27406"}],"wp:attachment":[{"href":"https:\/\/www.todoeldia.com\/index.php\/wp-json\/wp\/v2\/media?parent=69988"}],"wp:term":[{"taxonomy":"category","embeddable":true,"href":"https:\/\/www.todoeldia.com\/index.php\/wp-json\/wp\/v2\/categories?post=69988"},{"taxonomy":"post_tag","embeddable":true,"href":"https:\/\/www.todoeldia.com\/index.php\/wp-json\/wp\/v2\/tags?post=69988"}],"curies":[{"name":"wp","href":"https:\/\/api.w.org\/{rel}","templated":true}]}}