{"id":70002,"date":"2023-12-19T15:17:10","date_gmt":"2023-12-19T18:17:10","guid":{"rendered":"https:\/\/www.todoeldia.com\/?p=70002"},"modified":"2023-12-19T15:17:22","modified_gmt":"2023-12-19T18:17:22","slug":"termino-la-reunion-de-javier-milei-con-los-gobernadores-en-casa-rosada-y-se-espera-por-la-palabra-del-ministro-francos","status":"publish","type":"post","link":"https:\/\/www.todoeldia.com\/index.php\/2023\/12\/19\/termino-la-reunion-de-javier-milei-con-los-gobernadores-en-casa-rosada-y-se-espera-por-la-palabra-del-ministro-francos\/","title":{"rendered":"Termin\u00f3 la reuni\u00f3n de Javier Milei con los gobernadores en Casa Rosada"},"content":{"rendered":"\n<p>Estuvieron los 23 mandatarios y el jefe de gobierno porte\u00f1o. Se prolong\u00f3 por cerca de dos horas. Entre otros temas, se habl\u00f3 del ajuste y de los fondos que piden las provincias. Habr\u00e1 conferencia de prensa del ministro del Interior sobre los resultados del di\u00e1logo pol\u00edtico.<\/p>\n\n\n\n<p>Ansiosos por conocer al nuevo presidente y, sobre todo, plantearle sus propuestas para \u201ccompensar\u201d los recortes derivados de la reforma de Ganancias y las modificaciones en el reparto de los Aportes del Tesoro Nacional (ATN), entre otros temas, los 23 gobernadores y el jefe de gobierno porte\u00f1o llegaron relativamente puntuales a la reuni\u00f3n que convoc\u00f3 la semana pasada Javier Milei, que se celebr\u00f3 desde este mediod\u00eda en la Casa Rosada. La asistencia, sin distinci\u00f3n por color pol\u00edtico, fue perfecta.<\/p>\n\n\n\n<p>Milei, que estaba desde temprano en su despacho de Balcarce 50 junto a Karina Milei y Santiago Caputo, se sent\u00f3 en la punta de la larga mesa de madera del sal\u00f3n Eva Per\u00f3n. A su izquierda se ubicaron el jefe de Gabinete, Nicol\u00e1s Posse, el ministro del Interior, Guillermo Francos -que organiz\u00f3 el encuentro- y la Secretaria General de la Presidencia, Karina Milei. A la derecha, la vicepresidenta, Victoria Villarruel, presidenta del Senado, y el titular de la C\u00e1mara de Diputados, Mart\u00edn Menem. En tanto, cada gobernador ten\u00eda pre-asignado un lugar espec\u00edfico, marcado con sus nombres en papelitos ubicados frente a cada silla. El bonaerense Axel Kicillof fue ubicado en el punto m\u00e1s cercano al Jefe de Estado, al igual que el catamarque\u00f1o Ra\u00fal Jalil.<\/p>\n\n\n\n<p>Los gobernadores planeaban poner sobre la mesa una diversidad de temas que los preocupan: el futuro de la coparticipaci\u00f3n (Francos asegura que no se tocar\u00e1 a pesar de las versiones que circularon entre los libertarios m\u00e1s ortodoxos durante la campa\u00f1a); el recorte y el traspaso del manejo de los codiciados Aportes del Tesoro Nacional (ATN) de la \u00f3rbita de Interior a Econom\u00eda; el impuesto a las Ganancias; el pago de sueldos y de bonos de fin de a\u00f1o; el freno a la obra p\u00fablica; los fondos para las cajas jubilatorias. El Gobierno, por su parte, espera asegurarse apoyo legislativo para el misterioso paquete de leyes con reformas de distintos tipos -jubilatoria, econ\u00f3mica, tributaria, etc- que prepara desde antes de asumir y que enviar\u00e1 al Congreso pr\u00f3ximamente.<\/p>\n","protected":false},"excerpt":{"rendered":"<p>Estuvieron los 23 mandatarios y el jefe de gobierno porte\u00f1o. Se prolong\u00f3 por cerca de dos horas. Entre otros temas, se habl\u00f3 del ajuste y de los fondos que piden las provincias. Habr\u00e1 conferencia de prensa del ministro del Interior sobre los resultados del di\u00e1logo pol\u00edtico. Ansiosos por conocer al nuevo presidente y, sobre todo, [&hellip;]<\/p>\n","protected":false},"author":2,"featured_media":70003,"comment_status":"open","ping_status":"open","sticky":false,"template":"","format":"standard","meta":{"tdm_status":"","tdm_grid_status":"","_joinchat":[],"footnotes":""},"categories":[59],"tags":[],"class_list":{"0":"post-70002","1":"post","2":"type-post","3":"status-publish","4":"format-standard","5":"has-post-thumbnail","7":"category-politica"},"amp_enabled":true,"_links":{"self":[{"href":"https:\/\/www.todoeldia.com\/index.php\/wp-json\/wp\/v2\/posts\/70002","targetHints":{"allow":["GET"]}}],"collection":[{"href":"https:\/\/www.todoeldia.com\/index.php\/wp-json\/wp\/v2\/posts"}],"about":[{"href":"https:\/\/www.todoeldia.com\/index.php\/wp-json\/wp\/v2\/types\/post"}],"author":[{"embeddable":true,"href":"https:\/\/www.todoeldia.com\/index.php\/wp-json\/wp\/v2\/users\/2"}],"replies":[{"embeddable":true,"href":"https:\/\/www.todoeldia.com\/index.php\/wp-json\/wp\/v2\/comments?post=70002"}],"version-history":[{"count":2,"href":"https:\/\/www.todoeldia.com\/index.php\/wp-json\/wp\/v2\/posts\/70002\/revisions"}],"predecessor-version":[{"id":70005,"href":"https:\/\/www.todoeldia.com\/index.php\/wp-json\/wp\/v2\/posts\/70002\/revisions\/70005"}],"wp:featuredmedia":[{"embeddable":true,"href":"https:\/\/www.todoeldia.com\/index.php\/wp-json\/wp\/v2\/media\/70003"}],"wp:attachment":[{"href":"https:\/\/www.todoeldia.com\/index.php\/wp-json\/wp\/v2\/media?parent=70002"}],"wp:term":[{"taxonomy":"category","embeddable":true,"href":"https:\/\/www.todoeldia.com\/index.php\/wp-json\/wp\/v2\/categories?post=70002"},{"taxonomy":"post_tag","embeddable":true,"href":"https:\/\/www.todoeldia.com\/index.php\/wp-json\/wp\/v2\/tags?post=70002"}],"curies":[{"name":"wp","href":"https:\/\/api.w.org\/{rel}","templated":true}]}}