{"id":70006,"date":"2023-12-19T15:20:39","date_gmt":"2023-12-19T18:20:39","guid":{"rendered":"https:\/\/www.todoeldia.com\/?p=70006"},"modified":"2023-12-19T20:38:49","modified_gmt":"2023-12-19T23:38:49","slug":"saenz-dijo-que-los-mandatarios-provinciales-van-a-acompanar-lo-que-tengan-que-acompanar","status":"publish","type":"post","link":"https:\/\/www.todoeldia.com\/index.php\/2023\/12\/19\/saenz-dijo-que-los-mandatarios-provinciales-van-a-acompanar-lo-que-tengan-que-acompanar\/","title":{"rendered":"S\u00e1enz, dijo que los mandatarios provinciales van a &#8220;acompa\u00f1ar&#8221; lo que tengan &#8220;que acompa\u00f1ar&#8221; \u00a0"},"content":{"rendered":"\n<p>Los mandatarios provinciales mostraron un &#8220;esp\u00edritu colaborativo y de comprensi\u00f3n mutua&#8221;, asegur\u00f3 el ministro de Interior, Guillermo Francos, durante la conferencia de prensa posterior al encuentro celebrado en el Sal\u00f3n Eva Per\u00f3n.<\/p>\n\n\n\n<p>El ministro de Interior, Guillermo Francos, afirm\u00f3 que el encuentro del presidente Javier Milei con los gobernadores tuvo un &#8220;esp\u00edritu colaborativo y de comprensi\u00f3n mutua&#8221;.<\/p>\n\n\n\n<p>&#8220;Se les pidi\u00f3 el apoyo a los gobernadores para el tratamiento de esta norma para las transformaciones en la econom\u00eda que pretende llevar adelante el presidente&#8221;, expres\u00f3 Francos en una conferencia de prensa que brind\u00f3 al finalizar la reuni\u00f3n.<\/p>\n\n\n\n<p>La voz de los gobernadores<\/p>\n\n\n\n<p>El gobernador de C\u00f3rdoba, Mart\u00edn Llaryora, llam\u00f3 a &#8220;estar todos juntos, m\u00e1s all\u00e1 de las diferencias partidarias&#8221; y destac\u00f3 que el encuentro que mantuvieron los 24 mandatarios provinciales con el presidente Javier Milei &#8220;es una jornada que hace muchos a\u00f1os institucionalmente no ten\u00edamos&#8221;.<\/p>\n\n\n\n<p>&#8220;Todos los gobernadores manifestamos al Presidente que lo queremos acompa\u00f1ar, trabajar en conjunto. Necesitamos que a Argentina le vaya bien para salir de esta dif\u00edcil situaci\u00f3n y lo importante es dejar las diferencias de lado, porque la construcci\u00f3n conjunta de un pa\u00eds tiene que ser un camino com\u00fan&#8221;, expres\u00f3 Llaryora en rueda de prensa tras el encuentro con el Gabinete nacional.<\/p>\n\n\n\n<p>Por su parte, el gobernador de Salta, Gustavo S\u00e1enz, dijo que los mandatarios provinciales van a &#8220;acompa\u00f1ar&#8221; lo que tengan &#8220;que acompa\u00f1ar&#8221; y destac\u00f3 que &#8220;la \u00fanica forma es trabajar juntos&#8221; con el Gobierno nacional de Javier Milei.<\/p>\n\n\n\n<p>&#8220;Expresamos nuestra predisposici\u00f3n de trabajar de manera conjunta&#8221;, dijo el mandatario salte\u00f1o en rueda de prensa en Casa de Gobierno tras la reuni\u00f3n que mantuvieron los gobernadores con el Presidente, en el que se plantearon las &#8220;necesidades y los problemas&#8221; de cada distrito.<\/p>\n\n\n\n<p>A su turno, el gobernador de Catamarca, Ra\u00fal Jalil, afirm\u00f3 que hay que &#8220;terminar con la cultura de la pol\u00e9mica y empezar con la cultura del dialogo&#8221; y destac\u00f3 que fue una &#8220;muy buena reuni\u00f3n&#8221; la que mantuvieron los mandatarios de todo el pa\u00eds con el presidente Javier Milei en la Casa de Gobierno.<\/p>\n\n\n\n<p>&#8220;Todos tuvimos la coincidencia de tratar el tema del d\u00e9ficit fiscal. El mundo nos est\u00e1 mirando, no s\u00f3lo la pol\u00edtica sino tambi\u00e9n los inversores. Fue una muy buena reuni\u00f3n donde la mayor\u00eda de los gobernadores se ha podido expresar y el Presidente nos ha escuchado&#8221;, dijo Jalil en rueda de prensa en Casa de Gobierno tras la reuni\u00f3n con Milei.<\/p>\n","protected":false},"excerpt":{"rendered":"<p>Los mandatarios provinciales mostraron un &#8220;esp\u00edritu colaborativo y de comprensi\u00f3n mutua&#8221;, asegur\u00f3 el ministro de Interior, Guillermo Francos, durante la conferencia de prensa posterior al encuentro celebrado en el Sal\u00f3n Eva Per\u00f3n. El ministro de Interior, Guillermo Francos, afirm\u00f3 que el encuentro del presidente Javier Milei con los gobernadores tuvo un &#8220;esp\u00edritu colaborativo y de [&hellip;]<\/p>\n","protected":false},"author":2,"featured_media":70008,"comment_status":"open","ping_status":"open","sticky":false,"template":"","format":"standard","meta":{"tdm_status":"","tdm_grid_status":"","_joinchat":[],"footnotes":""},"categories":[59],"tags":[],"class_list":{"0":"post-70006","1":"post","2":"type-post","3":"status-publish","4":"format-standard","5":"has-post-thumbnail","7":"category-politica"},"amp_enabled":true,"_links":{"self":[{"href":"https:\/\/www.todoeldia.com\/index.php\/wp-json\/wp\/v2\/posts\/70006","targetHints":{"allow":["GET"]}}],"collection":[{"href":"https:\/\/www.todoeldia.com\/index.php\/wp-json\/wp\/v2\/posts"}],"about":[{"href":"https:\/\/www.todoeldia.com\/index.php\/wp-json\/wp\/v2\/types\/post"}],"author":[{"embeddable":true,"href":"https:\/\/www.todoeldia.com\/index.php\/wp-json\/wp\/v2\/users\/2"}],"replies":[{"embeddable":true,"href":"https:\/\/www.todoeldia.com\/index.php\/wp-json\/wp\/v2\/comments?post=70006"}],"version-history":[{"count":2,"href":"https:\/\/www.todoeldia.com\/index.php\/wp-json\/wp\/v2\/posts\/70006\/revisions"}],"predecessor-version":[{"id":70011,"href":"https:\/\/www.todoeldia.com\/index.php\/wp-json\/wp\/v2\/posts\/70006\/revisions\/70011"}],"wp:featuredmedia":[{"embeddable":true,"href":"https:\/\/www.todoeldia.com\/index.php\/wp-json\/wp\/v2\/media\/70008"}],"wp:attachment":[{"href":"https:\/\/www.todoeldia.com\/index.php\/wp-json\/wp\/v2\/media?parent=70006"}],"wp:term":[{"taxonomy":"category","embeddable":true,"href":"https:\/\/www.todoeldia.com\/index.php\/wp-json\/wp\/v2\/categories?post=70006"},{"taxonomy":"post_tag","embeddable":true,"href":"https:\/\/www.todoeldia.com\/index.php\/wp-json\/wp\/v2\/tags?post=70006"}],"curies":[{"name":"wp","href":"https:\/\/api.w.org\/{rel}","templated":true}]}}