{"id":70012,"date":"2023-12-19T20:40:02","date_gmt":"2023-12-19T23:40:02","guid":{"rendered":"https:\/\/www.todoeldia.com\/?p=70012"},"modified":"2023-12-19T20:40:02","modified_gmt":"2023-12-19T23:40:02","slug":"prision-preventiva-para-una-mujer-acusada-de-prenderle-fuego-a-un-hombre-en-situacion-de-calle","status":"publish","type":"post","link":"https:\/\/www.todoeldia.com\/index.php\/2023\/12\/19\/prision-preventiva-para-una-mujer-acusada-de-prenderle-fuego-a-un-hombre-en-situacion-de-calle\/","title":{"rendered":"Prisi\u00f3n preventiva para una mujer acusada de prenderle fuego a un hombre en situaci\u00f3n de calle"},"content":{"rendered":"\n<p>La mujer se encuentra detenida luego de permanecer pr\u00f3fuga, acusada de rociarle alcohol y prenderle fuego a un hombre en situaci\u00f3n de calle.<\/p>\n\n\n\n<p>El fiscal penal 2 de la Unidad de Graves Atentados contra las Personas, Gabriel Gonz\u00e1lez, represent\u00f3 al Ministerio P\u00fablico Fiscal ante el Juzgado de Garant\u00edas 3 del distrito Centro, en la audiencia flexible y multiprop\u00f3sito de prisi\u00f3n preventiva para una mujer de 39 a\u00f1os, imputada como autora del delito de homicidio calificado por realizarse con ensa\u00f1amiento y alevos\u00eda en perjuicio de un hombre de 35 a\u00f1os.<\/p>\n\n\n\n<p>El juez Antonio Pastrana, haciendo lugar a lo solicitado por el fiscal Gonz\u00e1lez, dict\u00f3 su prisi\u00f3n preventiva en atenci\u00f3n al riesgo de fuga y peligro de entorpecimiento de la investigaci\u00f3n en curso planteados en la solicitud.<\/p>\n\n\n\n<p>El hecho investigado ocurri\u00f3 el pasado 18 de octubre en inmediaciones de la calle Filiberto de Menes y Julio Roca de la ciudad de Salta, donde un hombre de 35 a\u00f1os, quien se encontraba en situaci\u00f3n de calle, fue rociado con alcohol y prendido fuego mientras dorm\u00eda, por lo cual result\u00f3 lesionado y finalmente falleci\u00f3.<\/p>\n\n\n\n<p>La mujer fue identificada por personal de la Unidad de Investigaci\u00f3n UGAP como la principal sospechosa de haber cometido el il\u00edcito y tras permanecer pr\u00f3fuga, fue detenida en la ciudad de Met\u00e1n, desde donde fue trasladada a esta ciudad e imputada el pasado s\u00e1bado.<\/p>\n","protected":false},"excerpt":{"rendered":"<p>La mujer se encuentra detenida luego de permanecer pr\u00f3fuga, acusada de rociarle alcohol y prenderle fuego a un hombre en situaci\u00f3n de calle. El fiscal penal 2 de la Unidad de Graves Atentados contra las Personas, Gabriel Gonz\u00e1lez, represent\u00f3 al Ministerio P\u00fablico Fiscal ante el Juzgado de Garant\u00edas 3 del distrito Centro, en la audiencia [&hellip;]<\/p>\n","protected":false},"author":2,"featured_media":47648,"comment_status":"open","ping_status":"open","sticky":false,"template":"","format":"standard","meta":{"tdm_status":"","tdm_grid_status":"","_joinchat":[],"footnotes":""},"categories":[1],"tags":[],"class_list":{"0":"post-70012","1":"post","2":"type-post","3":"status-publish","4":"format-standard","5":"has-post-thumbnail","7":"category-sin-categoria"},"amp_enabled":true,"_links":{"self":[{"href":"https:\/\/www.todoeldia.com\/index.php\/wp-json\/wp\/v2\/posts\/70012","targetHints":{"allow":["GET"]}}],"collection":[{"href":"https:\/\/www.todoeldia.com\/index.php\/wp-json\/wp\/v2\/posts"}],"about":[{"href":"https:\/\/www.todoeldia.com\/index.php\/wp-json\/wp\/v2\/types\/post"}],"author":[{"embeddable":true,"href":"https:\/\/www.todoeldia.com\/index.php\/wp-json\/wp\/v2\/users\/2"}],"replies":[{"embeddable":true,"href":"https:\/\/www.todoeldia.com\/index.php\/wp-json\/wp\/v2\/comments?post=70012"}],"version-history":[{"count":1,"href":"https:\/\/www.todoeldia.com\/index.php\/wp-json\/wp\/v2\/posts\/70012\/revisions"}],"predecessor-version":[{"id":70013,"href":"https:\/\/www.todoeldia.com\/index.php\/wp-json\/wp\/v2\/posts\/70012\/revisions\/70013"}],"wp:featuredmedia":[{"embeddable":true,"href":"https:\/\/www.todoeldia.com\/index.php\/wp-json\/wp\/v2\/media\/47648"}],"wp:attachment":[{"href":"https:\/\/www.todoeldia.com\/index.php\/wp-json\/wp\/v2\/media?parent=70012"}],"wp:term":[{"taxonomy":"category","embeddable":true,"href":"https:\/\/www.todoeldia.com\/index.php\/wp-json\/wp\/v2\/categories?post=70012"},{"taxonomy":"post_tag","embeddable":true,"href":"https:\/\/www.todoeldia.com\/index.php\/wp-json\/wp\/v2\/tags?post=70012"}],"curies":[{"name":"wp","href":"https:\/\/api.w.org\/{rel}","templated":true}]}}