{"id":70017,"date":"2023-12-19T21:35:58","date_gmt":"2023-12-20T00:35:58","guid":{"rendered":"https:\/\/www.todoeldia.com\/?p=70017"},"modified":"2023-12-19T21:35:58","modified_gmt":"2023-12-20T00:35:58","slug":"la-hermana-de-celine-dion-confirmo-que-la-cantante-perdio-el-control-de-sus-musculos","status":"publish","type":"post","link":"https:\/\/www.todoeldia.com\/index.php\/2023\/12\/19\/la-hermana-de-celine-dion-confirmo-que-la-cantante-perdio-el-control-de-sus-musculos\/","title":{"rendered":"La hermana de Celine Dion confirm\u00f3 que la cantante \u201cperdi\u00f3 el control de sus m\u00fasculos\u201d"},"content":{"rendered":"\n<p>La artista canadiense sufre de una condici\u00f3n neurol\u00f3gica grave que impacta su movilidad y la oblig\u00f3 a suspender sus presentaciones programadas para finales de 2023 y 2024<\/p>\n\n\n\n<p>La reconocida cantante canadiense Celine Dion perdi\u00f3 el control de sus m\u00fasculos debido a una lucha que viene enfrentando desde hace algunos a\u00f1os contra el S\u00edndrome de Persona R\u00edgida, una enfermedad neurol\u00f3gica poco com\u00fan y grave que afecta al sistema nervioso y que, al ser progresiva e incurable, tiene un grave impacto en la movilidad. Su hermana Claudette Dion hizo p\u00fablica esta alarmante noticia, mencionando que Celine tendr\u00e1 que esperar un tiempo indefinido antes de poder retomar sus presentaciones en el escenario.<\/p>\n\n\n\n<p>Claudette comparti\u00f3 en entrevista con la revista 7 Jours palabras conmovedoras sobre el estado de su hermana, subrayando que, a pesar de su disciplina y \u00e9tica de trabajo incansable, Celine enfrenta un futuro incierto en su carrera. Esta actualizaci\u00f3n sigue a la informaci\u00f3n previa proporcionada por Claudette a HELLO! Canad\u00e1 en septiembre, donde describ\u00eda que, a pesar de los esfuerzos de la afamada cantante, sus espasmos musculares eran incontrolables.<\/p>\n\n\n\n<p>La enfermedad oblig\u00f3 a la artista, famosa por su \u00e9xito \u201cMy Heart Will Go On\u201d, a cancelar su gira mundial \u201cCourage\u201d y tambi\u00e9n a poner en pausa de manera indefinida su carrera en los escenarios. Claudette mencion\u00f3, en declaraciones citadas por New York Post, que incluso las cuerdas vocales y el coraz\u00f3n son susceptibles ante esta condici\u00f3n, lo que aumenta la preocupaci\u00f3n por el futuro profesional de Dion.<\/p>\n\n\n\n<p>Celine Dion hizo p\u00fablica su lucha contra esta afecci\u00f3n en diciembre de 2022 a trav\u00e9s de una emotiva publicaci\u00f3n en Instagram y, posteriormente, cancel\u00f3 su gira mundial que estaba programada para iniciar a finales de 2023 y 2024.<\/p>\n","protected":false},"excerpt":{"rendered":"<p>La artista canadiense sufre de una condici\u00f3n neurol\u00f3gica grave que impacta su movilidad y la oblig\u00f3 a suspender sus presentaciones programadas para finales de 2023 y 2024 La reconocida cantante canadiense Celine Dion perdi\u00f3 el control de sus m\u00fasculos debido a una lucha que viene enfrentando desde hace algunos a\u00f1os contra el S\u00edndrome de Persona [&hellip;]<\/p>\n","protected":false},"author":2,"featured_media":70018,"comment_status":"open","ping_status":"open","sticky":false,"template":"","format":"standard","meta":{"tdm_status":"","tdm_grid_status":"","_joinchat":[],"footnotes":""},"categories":[120],"tags":[],"class_list":{"0":"post-70017","1":"post","2":"type-post","3":"status-publish","4":"format-standard","5":"has-post-thumbnail","7":"category-espectaculos-2"},"amp_enabled":true,"_links":{"self":[{"href":"https:\/\/www.todoeldia.com\/index.php\/wp-json\/wp\/v2\/posts\/70017","targetHints":{"allow":["GET"]}}],"collection":[{"href":"https:\/\/www.todoeldia.com\/index.php\/wp-json\/wp\/v2\/posts"}],"about":[{"href":"https:\/\/www.todoeldia.com\/index.php\/wp-json\/wp\/v2\/types\/post"}],"author":[{"embeddable":true,"href":"https:\/\/www.todoeldia.com\/index.php\/wp-json\/wp\/v2\/users\/2"}],"replies":[{"embeddable":true,"href":"https:\/\/www.todoeldia.com\/index.php\/wp-json\/wp\/v2\/comments?post=70017"}],"version-history":[{"count":1,"href":"https:\/\/www.todoeldia.com\/index.php\/wp-json\/wp\/v2\/posts\/70017\/revisions"}],"predecessor-version":[{"id":70019,"href":"https:\/\/www.todoeldia.com\/index.php\/wp-json\/wp\/v2\/posts\/70017\/revisions\/70019"}],"wp:featuredmedia":[{"embeddable":true,"href":"https:\/\/www.todoeldia.com\/index.php\/wp-json\/wp\/v2\/media\/70018"}],"wp:attachment":[{"href":"https:\/\/www.todoeldia.com\/index.php\/wp-json\/wp\/v2\/media?parent=70017"}],"wp:term":[{"taxonomy":"category","embeddable":true,"href":"https:\/\/www.todoeldia.com\/index.php\/wp-json\/wp\/v2\/categories?post=70017"},{"taxonomy":"post_tag","embeddable":true,"href":"https:\/\/www.todoeldia.com\/index.php\/wp-json\/wp\/v2\/tags?post=70017"}],"curies":[{"name":"wp","href":"https:\/\/api.w.org\/{rel}","templated":true}]}}