{"id":70020,"date":"2023-12-19T21:45:24","date_gmt":"2023-12-20T00:45:24","guid":{"rendered":"https:\/\/www.todoeldia.com\/?p=70020"},"modified":"2023-12-19T21:45:24","modified_gmt":"2023-12-20T00:45:24","slug":"el-gobierno-esta-recibiendo-300-denuncias-por-hora-de-beneficiarios-de-planes-sociales","status":"publish","type":"post","link":"https:\/\/www.todoeldia.com\/index.php\/2023\/12\/19\/el-gobierno-esta-recibiendo-300-denuncias-por-hora-de-beneficiarios-de-planes-sociales\/","title":{"rendered":"El Gobierno est\u00e1 recibiendo &#8220;300 denuncias por hora&#8221; de beneficiarios de planes sociales"},"content":{"rendered":"\n<p>El vocero presidencial confirm\u00f3 que se registraron m\u00e1s de 4000 denuncias en la l\u00ednea 134.<\/p>\n\n\n\n<p>El Gobierno inform\u00f3 este martes que est\u00e1 recibiendo m\u00e1s de \u201c300 denuncias por hora\u201d de beneficiarios de planes sociales que se vieron amenazados con la perdida de la asistencia si no participan de la marcha convocada por la Unidad Piquetera y otras organizaciones sociales.<\/p>\n\n\n\n<p>El vocero presidencial, Manuel Adorni, confirm\u00f3 que la l\u00ednea 134 registr\u00f3 hasta el momento 4.310 denuncias. &#8220;El derecho a manifestarse se respeta, es un derecho constitucional, pero no puede cercenar el derecho a la libre circulaci\u00f3n&#8221;, consider\u00f3&nbsp;<\/p>\n\n\n\n<p>En conferencia de prensa esta ma\u00f1ana, el portavoz de la presidencia puso a disposici\u00f3n de beneficiarios de planes sociales la l\u00ednea telef\u00f3nica 134 para que puedan &#8220;denunciar a intermediarios&#8221; de organizaciones que los amenacen o intenten ejercer coerci\u00f3n sobre ellos a cambio de que concurran a marchas.<\/p>\n\n\n\n<p>En v\u00edsperas de la movilizaci\u00f3n, el vocero hab\u00eda manifestado durante el anuncio de la l\u00ednea que apuntar\u00e1 a que un equipo t\u00e9cnico recoja denuncias contra dirigentes, punteros pol\u00edticos o quienes &#8220;amenacen&#8221; a los beneficiarios con la quita del plan en caso de no contabilizar su asistencia en protestas callejeras.<\/p>\n\n\n\n<p>&nbsp;&#8220;No les crean y llamen a la l\u00ednea 134, que tenemos un equipo preparado para cada uno de los casos y actuar en consecuencia&#8221;, remarc\u00f3 el vocero presidencial, y agreg\u00f3: &#8220;No se les va a cortar el plan&#8221;.<\/p>\n","protected":false},"excerpt":{"rendered":"<p>El vocero presidencial confirm\u00f3 que se registraron m\u00e1s de 4000 denuncias en la l\u00ednea 134. El Gobierno inform\u00f3 este martes que est\u00e1 recibiendo m\u00e1s de \u201c300 denuncias por hora\u201d de beneficiarios de planes sociales que se vieron amenazados con la perdida de la asistencia si no participan de la marcha convocada por la Unidad Piquetera [&hellip;]<\/p>\n","protected":false},"author":2,"featured_media":51634,"comment_status":"open","ping_status":"open","sticky":false,"template":"","format":"standard","meta":{"tdm_status":"","tdm_grid_status":"","_joinchat":[],"footnotes":""},"categories":[59],"tags":[],"class_list":{"0":"post-70020","1":"post","2":"type-post","3":"status-publish","4":"format-standard","5":"has-post-thumbnail","7":"category-politica"},"amp_enabled":true,"_links":{"self":[{"href":"https:\/\/www.todoeldia.com\/index.php\/wp-json\/wp\/v2\/posts\/70020","targetHints":{"allow":["GET"]}}],"collection":[{"href":"https:\/\/www.todoeldia.com\/index.php\/wp-json\/wp\/v2\/posts"}],"about":[{"href":"https:\/\/www.todoeldia.com\/index.php\/wp-json\/wp\/v2\/types\/post"}],"author":[{"embeddable":true,"href":"https:\/\/www.todoeldia.com\/index.php\/wp-json\/wp\/v2\/users\/2"}],"replies":[{"embeddable":true,"href":"https:\/\/www.todoeldia.com\/index.php\/wp-json\/wp\/v2\/comments?post=70020"}],"version-history":[{"count":1,"href":"https:\/\/www.todoeldia.com\/index.php\/wp-json\/wp\/v2\/posts\/70020\/revisions"}],"predecessor-version":[{"id":70021,"href":"https:\/\/www.todoeldia.com\/index.php\/wp-json\/wp\/v2\/posts\/70020\/revisions\/70021"}],"wp:featuredmedia":[{"embeddable":true,"href":"https:\/\/www.todoeldia.com\/index.php\/wp-json\/wp\/v2\/media\/51634"}],"wp:attachment":[{"href":"https:\/\/www.todoeldia.com\/index.php\/wp-json\/wp\/v2\/media?parent=70020"}],"wp:term":[{"taxonomy":"category","embeddable":true,"href":"https:\/\/www.todoeldia.com\/index.php\/wp-json\/wp\/v2\/categories?post=70020"},{"taxonomy":"post_tag","embeddable":true,"href":"https:\/\/www.todoeldia.com\/index.php\/wp-json\/wp\/v2\/tags?post=70020"}],"curies":[{"name":"wp","href":"https:\/\/api.w.org\/{rel}","templated":true}]}}