{"id":70026,"date":"2023-12-20T10:15:27","date_gmt":"2023-12-20T13:15:27","guid":{"rendered":"https:\/\/www.todoeldia.com\/?p=70026"},"modified":"2023-12-20T10:15:28","modified_gmt":"2023-12-20T13:15:28","slug":"patricia-bullrich-hoy-se-terminan-los-piquetes-en-argentina","status":"publish","type":"post","link":"https:\/\/www.todoeldia.com\/index.php\/2023\/12\/20\/patricia-bullrich-hoy-se-terminan-los-piquetes-en-argentina\/","title":{"rendered":"Patricia Bullrich: \u201cHoy se terminan los piquetes en Argentina\u201d"},"content":{"rendered":"\n<p>La ministra de Seguridad dijo que recibieron 5.000 denuncias a la l\u00ednea 134 de beneficiarios de planes \u201cobligados\u201d a ir a la movilizaci\u00f3n.<\/p>\n\n\n\n<p>Luego de que se diera a conocer un fallo a favor del protocolo antipiquetes, la ministra de Seguridad, Patricia Bullrich, ratific\u00f3 que quitar\u00e1 los planes sociales a quienes corten calles.<\/p>\n\n\n\n<p>En la previa a la movilizaci\u00f3n de este mi\u00e9rcoles 20 de diciembre convocada por organizaciones sociales y de izquierda, la ministra del gobierno de Javier Milei afirm\u00f3: \u201cHoy comenzamos a decir que se terminan los piquetes en Argentina\u201d.<\/p>\n\n\n\n<p>Luego de que se diera a conocer un fallo a favor del protocolo antipiquetes, la ministra de Seguridad, Patricia Bullrich, ratific\u00f3 que quitar\u00e1 los planes sociales a quienes corten calles.<\/p>\n\n\n\n<p>\u201cEste orden implica hoy comenzar a decir \u2018no hay m\u00e1s piquetes, se terminan los piquetes\u2019 en Argentina, se ir\u00e1 trabajando en que comience una era en que los argentinos tengan convivencia, en paz y tranquilidad\u201d, afirm\u00f3 en di\u00e1logo con TN. Adem\u00e1s recalc\u00f3 que se recibieron unas 5.000 denuncias en la l\u00ednea 134 en la cual se pueden dar a conocer de forma an\u00f3nima \u201cextorsiones\u201d de organizaciones piqueteras para que la gente vaya a la marcha.<\/p>\n\n\n\n<p>La funcionaria nacional sostuvo que los piqueteros podr\u00e1n manifestarse en plazas o en la vereda, pero que no podr\u00e1n interrumpir el tr\u00e1nsito ni la circulaci\u00f3n.<\/p>\n\n\n\n<p>\u201cHoy comienza, ser\u00e1 un comienza, no hay que esperar el cien por ciento de las posibilidades de \u00e9xito, hoy comienza un camino sin vuelta atr\u00e1s\u201d, manifest\u00f3.<\/p>\n","protected":false},"excerpt":{"rendered":"<p>La ministra de Seguridad dijo que recibieron 5.000 denuncias a la l\u00ednea 134 de beneficiarios de planes \u201cobligados\u201d a ir a la movilizaci\u00f3n. Luego de que se diera a conocer un fallo a favor del protocolo antipiquetes, la ministra de Seguridad, Patricia Bullrich, ratific\u00f3 que quitar\u00e1 los planes sociales a quienes corten calles. En la [&hellip;]<\/p>\n","protected":false},"author":2,"featured_media":70027,"comment_status":"open","ping_status":"open","sticky":false,"template":"","format":"standard","meta":{"tdm_status":"","tdm_grid_status":"","_joinchat":[],"footnotes":""},"categories":[59],"tags":[],"class_list":{"0":"post-70026","1":"post","2":"type-post","3":"status-publish","4":"format-standard","5":"has-post-thumbnail","7":"category-politica"},"amp_enabled":true,"_links":{"self":[{"href":"https:\/\/www.todoeldia.com\/index.php\/wp-json\/wp\/v2\/posts\/70026","targetHints":{"allow":["GET"]}}],"collection":[{"href":"https:\/\/www.todoeldia.com\/index.php\/wp-json\/wp\/v2\/posts"}],"about":[{"href":"https:\/\/www.todoeldia.com\/index.php\/wp-json\/wp\/v2\/types\/post"}],"author":[{"embeddable":true,"href":"https:\/\/www.todoeldia.com\/index.php\/wp-json\/wp\/v2\/users\/2"}],"replies":[{"embeddable":true,"href":"https:\/\/www.todoeldia.com\/index.php\/wp-json\/wp\/v2\/comments?post=70026"}],"version-history":[{"count":1,"href":"https:\/\/www.todoeldia.com\/index.php\/wp-json\/wp\/v2\/posts\/70026\/revisions"}],"predecessor-version":[{"id":70028,"href":"https:\/\/www.todoeldia.com\/index.php\/wp-json\/wp\/v2\/posts\/70026\/revisions\/70028"}],"wp:featuredmedia":[{"embeddable":true,"href":"https:\/\/www.todoeldia.com\/index.php\/wp-json\/wp\/v2\/media\/70027"}],"wp:attachment":[{"href":"https:\/\/www.todoeldia.com\/index.php\/wp-json\/wp\/v2\/media?parent=70026"}],"wp:term":[{"taxonomy":"category","embeddable":true,"href":"https:\/\/www.todoeldia.com\/index.php\/wp-json\/wp\/v2\/categories?post=70026"},{"taxonomy":"post_tag","embeddable":true,"href":"https:\/\/www.todoeldia.com\/index.php\/wp-json\/wp\/v2\/tags?post=70026"}],"curies":[{"name":"wp","href":"https:\/\/api.w.org\/{rel}","templated":true}]}}