{"id":70030,"date":"2023-12-20T14:47:10","date_gmt":"2023-12-20T17:47:10","guid":{"rendered":"https:\/\/www.todoeldia.com\/?p=70030"},"modified":"2023-12-20T14:58:47","modified_gmt":"2023-12-20T17:58:47","slug":"tras-agonizar-15-dias-fallecio-hoy-la-joven-atropellada-a-la-salida-de-una-carpa-en-quijano","status":"publish","type":"post","link":"https:\/\/www.todoeldia.com\/index.php\/2023\/12\/20\/tras-agonizar-15-dias-fallecio-hoy-la-joven-atropellada-a-la-salida-de-una-carpa-en-quijano\/","title":{"rendered":"Tras agonizar 15 d\u00edas falleci\u00f3 hoy la joven atropellada a la salida de una carpa en Quijano"},"content":{"rendered":"\n<p>Familiares confirmaron el deceso de Mar\u00eda Jos\u00e9 Cabrera, la joven atropellada por un autom\u00f3vil que se dio a la fuga el pasado 3 de diciembre a la salida de una carpa bailable en Campo Quijano.<\/p>\n\n\n\n<p>La mujer fue arrollada por un veh\u00edculo a la salida de un local bailable en Barrio El Portal y no pudo sobrevivir al grave cuadro que presentaba debido a las heridas recibidas.<\/p>\n\n\n\n<figure class=\"wp-block-image size-full is-resized\"><img loading=\"lazy\" decoding=\"async\" width=\"697\" height=\"800\" src=\"https:\/\/www.todoeldia.com\/wp-content\/uploads\/2023\/12\/auto-accidente-en-quijano.jpg\" alt=\"\" class=\"wp-image-70036\" style=\"width:1068px;height:auto\" srcset=\"https:\/\/www.todoeldia.com\/wp-content\/uploads\/2023\/12\/auto-accidente-en-quijano.jpg 697w, https:\/\/www.todoeldia.com\/wp-content\/uploads\/2023\/12\/auto-accidente-en-quijano-261x300.jpg 261w, https:\/\/www.todoeldia.com\/wp-content\/uploads\/2023\/12\/auto-accidente-en-quijano-300x344.jpg 300w, https:\/\/www.todoeldia.com\/wp-content\/uploads\/2023\/12\/auto-accidente-en-quijano-366x420.jpg 366w\" sizes=\"auto, (max-width: 697px) 100vw, 697px\" \/><\/figure>\n\n\n\n<p>Dos sujetos identificados como Ramiro L\u00f3pez y Federico Javier L\u00f3pez, fueron detenidos y seg\u00fan las versiones habr\u00edan atropellado en forma intencional a la joven.<\/p>\n\n\n\n<p>La fiscal\u00eda de Rosario de Lerma arbitrariamente caratul\u00f3 el hecho como lesiones simples dejando en libertad a los principales involucrados.<\/p>\n","protected":false},"excerpt":{"rendered":"<p>Familiares confirmaron el deceso de Mar\u00eda Jos\u00e9 Cabrera, la joven atropellada por un autom\u00f3vil que se dio a la fuga el pasado 3 de diciembre a la salida de una carpa bailable en Campo Quijano. La mujer fue arrollada por un veh\u00edculo a la salida de un local bailable en Barrio El Portal y no [&hellip;]<\/p>\n","protected":false},"author":2,"featured_media":70031,"comment_status":"open","ping_status":"open","sticky":false,"template":"","format":"standard","meta":{"tdm_status":"","tdm_grid_status":"","_joinchat":[],"footnotes":""},"categories":[63],"tags":[],"class_list":{"0":"post-70030","1":"post","2":"type-post","3":"status-publish","4":"format-standard","5":"has-post-thumbnail","7":"category-policiales"},"amp_enabled":true,"_links":{"self":[{"href":"https:\/\/www.todoeldia.com\/index.php\/wp-json\/wp\/v2\/posts\/70030","targetHints":{"allow":["GET"]}}],"collection":[{"href":"https:\/\/www.todoeldia.com\/index.php\/wp-json\/wp\/v2\/posts"}],"about":[{"href":"https:\/\/www.todoeldia.com\/index.php\/wp-json\/wp\/v2\/types\/post"}],"author":[{"embeddable":true,"href":"https:\/\/www.todoeldia.com\/index.php\/wp-json\/wp\/v2\/users\/2"}],"replies":[{"embeddable":true,"href":"https:\/\/www.todoeldia.com\/index.php\/wp-json\/wp\/v2\/comments?post=70030"}],"version-history":[{"count":2,"href":"https:\/\/www.todoeldia.com\/index.php\/wp-json\/wp\/v2\/posts\/70030\/revisions"}],"predecessor-version":[{"id":70037,"href":"https:\/\/www.todoeldia.com\/index.php\/wp-json\/wp\/v2\/posts\/70030\/revisions\/70037"}],"wp:featuredmedia":[{"embeddable":true,"href":"https:\/\/www.todoeldia.com\/index.php\/wp-json\/wp\/v2\/media\/70031"}],"wp:attachment":[{"href":"https:\/\/www.todoeldia.com\/index.php\/wp-json\/wp\/v2\/media?parent=70030"}],"wp:term":[{"taxonomy":"category","embeddable":true,"href":"https:\/\/www.todoeldia.com\/index.php\/wp-json\/wp\/v2\/categories?post=70030"},{"taxonomy":"post_tag","embeddable":true,"href":"https:\/\/www.todoeldia.com\/index.php\/wp-json\/wp\/v2\/tags?post=70030"}],"curies":[{"name":"wp","href":"https:\/\/api.w.org\/{rel}","templated":true}]}}