{"id":70044,"date":"2023-12-20T15:12:53","date_gmt":"2023-12-20T18:12:53","guid":{"rendered":"https:\/\/www.todoeldia.com\/?p=70044"},"modified":"2023-12-20T15:12:53","modified_gmt":"2023-12-20T18:12:53","slug":"dos-hermanos-detenidos-acusados-de-un-homicidio-en-el-asentamiento-los-paraisos","status":"publish","type":"post","link":"https:\/\/www.todoeldia.com\/index.php\/2023\/12\/20\/dos-hermanos-detenidos-acusados-de-un-homicidio-en-el-asentamiento-los-paraisos\/","title":{"rendered":"Dos hermanos detenidos acusados de un homicidio en el asentamiento Los Para\u00edsos"},"content":{"rendered":"\n<p>El hecho ocurri\u00f3 el pasado 6 de diciembre, cuando un hombre fue lesionado en uno de sus miembros inferiores con un arma blanca. Como resultado de la gravedad de la herida, falleci\u00f3.<\/p>\n\n\n\n<p>El fiscal penal 1 de la Unidad de Graves Atentados contra las Personas, Leandro Flores, imput\u00f3 de forma provisional a dos hombres de 24 y 26 a\u00f1os como coautores del delito de homicidio simple en perjuicio de un hombre de 50 a\u00f1os.<\/p>\n\n\n\n<p>Los acusados estuvieron acompa\u00f1ados de defensa oficial y desde la Fiscal\u00eda se solicit\u00f3 que se mantengan detenidos.<\/p>\n\n\n\n<p>El hecho investigado ocurri\u00f3 el pasado 6 de diciembre en asentamiento Los Para\u00edsos, donde se report\u00f3 la presencia de un hombre sin vida, con herida de arma blanca en una de sus piernas.<\/p>\n\n\n\n<p>De las distintas medidas dispuestas para lograr el esclarecimiento del hecho y con el trabajo de la Unidad de Investigaci\u00f3n UGAP, en las \u00faltimas horas se produjo la detenci\u00f3n de los dos acusados como sospechosos de haber participado en el il\u00edcito.<\/p>\n","protected":false},"excerpt":{"rendered":"<p>El hecho ocurri\u00f3 el pasado 6 de diciembre, cuando un hombre fue lesionado en uno de sus miembros inferiores con un arma blanca. Como resultado de la gravedad de la herida, falleci\u00f3. El fiscal penal 1 de la Unidad de Graves Atentados contra las Personas, Leandro Flores, imput\u00f3 de forma provisional a dos hombres de [&hellip;]<\/p>\n","protected":false},"author":2,"featured_media":21488,"comment_status":"open","ping_status":"open","sticky":false,"template":"","format":"standard","meta":{"tdm_status":"","tdm_grid_status":"","_joinchat":[],"footnotes":""},"categories":[63],"tags":[],"class_list":{"0":"post-70044","1":"post","2":"type-post","3":"status-publish","4":"format-standard","5":"has-post-thumbnail","7":"category-policiales"},"amp_enabled":true,"_links":{"self":[{"href":"https:\/\/www.todoeldia.com\/index.php\/wp-json\/wp\/v2\/posts\/70044","targetHints":{"allow":["GET"]}}],"collection":[{"href":"https:\/\/www.todoeldia.com\/index.php\/wp-json\/wp\/v2\/posts"}],"about":[{"href":"https:\/\/www.todoeldia.com\/index.php\/wp-json\/wp\/v2\/types\/post"}],"author":[{"embeddable":true,"href":"https:\/\/www.todoeldia.com\/index.php\/wp-json\/wp\/v2\/users\/2"}],"replies":[{"embeddable":true,"href":"https:\/\/www.todoeldia.com\/index.php\/wp-json\/wp\/v2\/comments?post=70044"}],"version-history":[{"count":1,"href":"https:\/\/www.todoeldia.com\/index.php\/wp-json\/wp\/v2\/posts\/70044\/revisions"}],"predecessor-version":[{"id":70045,"href":"https:\/\/www.todoeldia.com\/index.php\/wp-json\/wp\/v2\/posts\/70044\/revisions\/70045"}],"wp:featuredmedia":[{"embeddable":true,"href":"https:\/\/www.todoeldia.com\/index.php\/wp-json\/wp\/v2\/media\/21488"}],"wp:attachment":[{"href":"https:\/\/www.todoeldia.com\/index.php\/wp-json\/wp\/v2\/media?parent=70044"}],"wp:term":[{"taxonomy":"category","embeddable":true,"href":"https:\/\/www.todoeldia.com\/index.php\/wp-json\/wp\/v2\/categories?post=70044"},{"taxonomy":"post_tag","embeddable":true,"href":"https:\/\/www.todoeldia.com\/index.php\/wp-json\/wp\/v2\/tags?post=70044"}],"curies":[{"name":"wp","href":"https:\/\/api.w.org\/{rel}","templated":true}]}}