{"id":70046,"date":"2023-12-20T15:19:54","date_gmt":"2023-12-20T18:19:54","guid":{"rendered":"https:\/\/www.todoeldia.com\/?p=70046"},"modified":"2023-12-20T15:19:55","modified_gmt":"2023-12-20T18:19:55","slug":"violo-la-domiciliaria-que-tenia-por-estupefacientes-y-la-encontraron-en-la-peluqueria-con-drogas","status":"publish","type":"post","link":"https:\/\/www.todoeldia.com\/index.php\/2023\/12\/20\/violo-la-domiciliaria-que-tenia-por-estupefacientes-y-la-encontraron-en-la-peluqueria-con-drogas\/","title":{"rendered":"Viol\u00f3 la domiciliaria que ten\u00eda por estupefacientes y la encontraron en la peluquer\u00eda con drogas"},"content":{"rendered":"\n<p>Una mujer de 23 a\u00f1os, imputada previamente por comercializar estupefacientes, viol\u00f3 el arresto domiciliario que cumpl\u00eda y fue encontrada en una peluquer\u00eda. Al ser requisada, se le encontr\u00f3 sustancia estupefaciente oculta entre las prendas.<\/p>\n\n\n\n<p>La fiscal penal de Embarcaci\u00f3n, Gabriela Souto, represent\u00f3 al Ministerio P\u00fablico Fiscal ante la Sala II del Tribunal de Juicio de ese distrito, en la audiencia de juicio abreviado contra Paola Fernanda Romero como autora del delito de tenencia de estupefacientes.<\/p>\n\n\n\n<p>La mujer, quien cumpl\u00eda arresto domiciliario en una causa por microtr\u00e1fico, el 4 de junio de 2022 se ausent\u00f3 de su domicilio para concurrir a una peluquer\u00eda en otro barrio. Al intervenir personal policial, se procedi\u00f3 a la requisa de la mujer y se encontr\u00f3 entre sus prendas de vestir, unos envoltorios con sustancia estupefaciente.<\/p>\n\n\n\n<p>La jueza Asusena V\u00e1squez, luego de recibir la confesi\u00f3n de la acusada, le impuso una pena de 1 a\u00f1o de prisi\u00f3n efectiva, la que cumplir\u00e1 de manera domiciliaria y el pago de una multa.<\/p>\n","protected":false},"excerpt":{"rendered":"<p>Una mujer de 23 a\u00f1os, imputada previamente por comercializar estupefacientes, viol\u00f3 el arresto domiciliario que cumpl\u00eda y fue encontrada en una peluquer\u00eda. Al ser requisada, se le encontr\u00f3 sustancia estupefaciente oculta entre las prendas. La fiscal penal de Embarcaci\u00f3n, Gabriela Souto, represent\u00f3 al Ministerio P\u00fablico Fiscal ante la Sala II del Tribunal de Juicio de [&hellip;]<\/p>\n","protected":false},"author":2,"featured_media":70047,"comment_status":"open","ping_status":"open","sticky":false,"template":"","format":"standard","meta":{"tdm_status":"","tdm_grid_status":"","_joinchat":[],"footnotes":""},"categories":[63],"tags":[],"class_list":{"0":"post-70046","1":"post","2":"type-post","3":"status-publish","4":"format-standard","5":"has-post-thumbnail","7":"category-policiales"},"amp_enabled":true,"_links":{"self":[{"href":"https:\/\/www.todoeldia.com\/index.php\/wp-json\/wp\/v2\/posts\/70046","targetHints":{"allow":["GET"]}}],"collection":[{"href":"https:\/\/www.todoeldia.com\/index.php\/wp-json\/wp\/v2\/posts"}],"about":[{"href":"https:\/\/www.todoeldia.com\/index.php\/wp-json\/wp\/v2\/types\/post"}],"author":[{"embeddable":true,"href":"https:\/\/www.todoeldia.com\/index.php\/wp-json\/wp\/v2\/users\/2"}],"replies":[{"embeddable":true,"href":"https:\/\/www.todoeldia.com\/index.php\/wp-json\/wp\/v2\/comments?post=70046"}],"version-history":[{"count":1,"href":"https:\/\/www.todoeldia.com\/index.php\/wp-json\/wp\/v2\/posts\/70046\/revisions"}],"predecessor-version":[{"id":70048,"href":"https:\/\/www.todoeldia.com\/index.php\/wp-json\/wp\/v2\/posts\/70046\/revisions\/70048"}],"wp:featuredmedia":[{"embeddable":true,"href":"https:\/\/www.todoeldia.com\/index.php\/wp-json\/wp\/v2\/media\/70047"}],"wp:attachment":[{"href":"https:\/\/www.todoeldia.com\/index.php\/wp-json\/wp\/v2\/media?parent=70046"}],"wp:term":[{"taxonomy":"category","embeddable":true,"href":"https:\/\/www.todoeldia.com\/index.php\/wp-json\/wp\/v2\/categories?post=70046"},{"taxonomy":"post_tag","embeddable":true,"href":"https:\/\/www.todoeldia.com\/index.php\/wp-json\/wp\/v2\/tags?post=70046"}],"curies":[{"name":"wp","href":"https:\/\/api.w.org\/{rel}","templated":true}]}}