{"id":70049,"date":"2023-12-20T15:30:07","date_gmt":"2023-12-20T18:30:07","guid":{"rendered":"https:\/\/www.todoeldia.com\/?p=70049"},"modified":"2023-12-20T15:31:32","modified_gmt":"2023-12-20T18:31:32","slug":"bronca-en-j-v-gonzalez-padres-en-desacuerdo-con-la-sentencia-al-docente-acusado-por-abuso","status":"publish","type":"post","link":"https:\/\/www.todoeldia.com\/index.php\/2023\/12\/20\/bronca-en-j-v-gonzalez-padres-en-desacuerdo-con-la-sentencia-al-docente-acusado-por-abuso\/","title":{"rendered":"Bronca en J.V. Gonz\u00e1lez: padres en desacuerdo con la sentencia al docente abusador"},"content":{"rendered":"\n<p>La jueza de la Sala II del Tribunal de Juicio de Met\u00e1n, Carolina Poma Salvadores, conden\u00f3 a Herberto Hern\u00e1n Avilez, acusado del delito de abuso sexual simple, y le impuso la pena de ocho a\u00f1os de prisi\u00f3n de ejecuci\u00f3n efectiva.<\/p>\n\n\n\n<figure class=\"wp-block-image size-full\"><img loading=\"lazy\" decoding=\"async\" width=\"960\" height=\"640\" src=\"https:\/\/www.todoeldia.com\/wp-content\/uploads\/2023\/12\/image-151.png\" alt=\"\" class=\"wp-image-70051\" srcset=\"https:\/\/www.todoeldia.com\/wp-content\/uploads\/2023\/12\/image-151.png 960w, https:\/\/www.todoeldia.com\/wp-content\/uploads\/2023\/12\/image-151-300x200.png 300w, https:\/\/www.todoeldia.com\/wp-content\/uploads\/2023\/12\/image-151-768x512.png 768w, https:\/\/www.todoeldia.com\/wp-content\/uploads\/2023\/12\/image-151-696x464.png 696w, https:\/\/www.todoeldia.com\/wp-content\/uploads\/2023\/12\/image-151-630x420.png 630w\" sizes=\"auto, (max-width: 960px) 100vw, 960px\" \/><\/figure>\n\n\n\n<p>La denuncia fue radicada por los padres de las nueve v\u00edctimas, ni\u00f1as de entre 11 y 12 a\u00f1os, que al momento del hecho eran alumnas del hombre, de 55 a\u00f1os, que se desempe\u00f1aba como docente de nivel primario de la Escuela Pedro B. Palacios de Joaqu\u00edn V. Gonz\u00e1lez.<\/p>\n\n\n\n<figure class=\"wp-block-image size-large\"><img loading=\"lazy\" decoding=\"async\" width=\"1024\" height=\"461\" src=\"https:\/\/www.todoeldia.com\/wp-content\/uploads\/2023\/12\/image-152-1024x461.png\" alt=\"\" class=\"wp-image-70052\" srcset=\"https:\/\/www.todoeldia.com\/wp-content\/uploads\/2023\/12\/image-152-1024x461.png 1024w, https:\/\/www.todoeldia.com\/wp-content\/uploads\/2023\/12\/image-152-300x135.png 300w, https:\/\/www.todoeldia.com\/wp-content\/uploads\/2023\/12\/image-152-768x346.png 768w, https:\/\/www.todoeldia.com\/wp-content\/uploads\/2023\/12\/image-152-696x313.png 696w, https:\/\/www.todoeldia.com\/wp-content\/uploads\/2023\/12\/image-152-1068x481.png 1068w, https:\/\/www.todoeldia.com\/wp-content\/uploads\/2023\/12\/image-152-933x420.png 933w, https:\/\/www.todoeldia.com\/wp-content\/uploads\/2023\/12\/image-152.png 1280w\" sizes=\"auto, (max-width: 1024px) 100vw, 1024px\" \/><\/figure>\n\n\n\n<p>Los padres y vecinos realizaron distintas marchas pidiendo justicia y mostraron su disconformidad con la pena aplicada por la Jueza de Metan Carolina Poma.<\/p>\n\n\n\n<figure class=\"wp-block-image size-large\"><img loading=\"lazy\" decoding=\"async\" width=\"1024\" height=\"768\" src=\"https:\/\/www.todoeldia.com\/wp-content\/uploads\/2023\/12\/image-153-1024x768.png\" alt=\"\" class=\"wp-image-70054\" srcset=\"https:\/\/www.todoeldia.com\/wp-content\/uploads\/2023\/12\/image-153-1024x768.png 1024w, https:\/\/www.todoeldia.com\/wp-content\/uploads\/2023\/12\/image-153-300x225.png 300w, https:\/\/www.todoeldia.com\/wp-content\/uploads\/2023\/12\/image-153-768x576.png 768w, https:\/\/www.todoeldia.com\/wp-content\/uploads\/2023\/12\/image-153-696x522.png 696w, https:\/\/www.todoeldia.com\/wp-content\/uploads\/2023\/12\/image-153-1068x801.png 1068w, https:\/\/www.todoeldia.com\/wp-content\/uploads\/2023\/12\/image-153-560x420.png 560w, https:\/\/www.todoeldia.com\/wp-content\/uploads\/2023\/12\/image-153-80x60.png 80w, https:\/\/www.todoeldia.com\/wp-content\/uploads\/2023\/12\/image-153-265x198.png 265w, https:\/\/www.todoeldia.com\/wp-content\/uploads\/2023\/12\/image-153.png 1280w\" sizes=\"auto, (max-width: 1024px) 100vw, 1024px\" \/><\/figure>\n","protected":false},"excerpt":{"rendered":"<p>La jueza de la Sala II del Tribunal de Juicio de Met\u00e1n, Carolina Poma Salvadores, conden\u00f3 a Herberto Hern\u00e1n Avilez, acusado del delito de abuso sexual simple, y le impuso la pena de ocho a\u00f1os de prisi\u00f3n de ejecuci\u00f3n efectiva. La denuncia fue radicada por los padres de las nueve v\u00edctimas, ni\u00f1as de entre 11 [&hellip;]<\/p>\n","protected":false},"author":2,"featured_media":70050,"comment_status":"open","ping_status":"open","sticky":false,"template":"","format":"standard","meta":{"tdm_status":"","tdm_grid_status":"","_joinchat":[],"footnotes":""},"categories":[63],"tags":[],"class_list":{"0":"post-70049","1":"post","2":"type-post","3":"status-publish","4":"format-standard","5":"has-post-thumbnail","7":"category-policiales"},"amp_enabled":true,"_links":{"self":[{"href":"https:\/\/www.todoeldia.com\/index.php\/wp-json\/wp\/v2\/posts\/70049","targetHints":{"allow":["GET"]}}],"collection":[{"href":"https:\/\/www.todoeldia.com\/index.php\/wp-json\/wp\/v2\/posts"}],"about":[{"href":"https:\/\/www.todoeldia.com\/index.php\/wp-json\/wp\/v2\/types\/post"}],"author":[{"embeddable":true,"href":"https:\/\/www.todoeldia.com\/index.php\/wp-json\/wp\/v2\/users\/2"}],"replies":[{"embeddable":true,"href":"https:\/\/www.todoeldia.com\/index.php\/wp-json\/wp\/v2\/comments?post=70049"}],"version-history":[{"count":3,"href":"https:\/\/www.todoeldia.com\/index.php\/wp-json\/wp\/v2\/posts\/70049\/revisions"}],"predecessor-version":[{"id":70056,"href":"https:\/\/www.todoeldia.com\/index.php\/wp-json\/wp\/v2\/posts\/70049\/revisions\/70056"}],"wp:featuredmedia":[{"embeddable":true,"href":"https:\/\/www.todoeldia.com\/index.php\/wp-json\/wp\/v2\/media\/70050"}],"wp:attachment":[{"href":"https:\/\/www.todoeldia.com\/index.php\/wp-json\/wp\/v2\/media?parent=70049"}],"wp:term":[{"taxonomy":"category","embeddable":true,"href":"https:\/\/www.todoeldia.com\/index.php\/wp-json\/wp\/v2\/categories?post=70049"},{"taxonomy":"post_tag","embeddable":true,"href":"https:\/\/www.todoeldia.com\/index.php\/wp-json\/wp\/v2\/tags?post=70049"}],"curies":[{"name":"wp","href":"https:\/\/api.w.org\/{rel}","templated":true}]}}