{"id":70057,"date":"2023-12-20T15:37:58","date_gmt":"2023-12-20T18:37:58","guid":{"rendered":"https:\/\/www.todoeldia.com\/?p=70057"},"modified":"2023-12-20T15:37:58","modified_gmt":"2023-12-20T18:37:58","slug":"el-pocho-lavezzi-se-cayo-y-se-fracturo-la-clavicula-desmienten-que-haya-sido-apunalado","status":"publish","type":"post","link":"https:\/\/www.todoeldia.com\/index.php\/2023\/12\/20\/el-pocho-lavezzi-se-cayo-y-se-fracturo-la-clavicula-desmienten-que-haya-sido-apunalado\/","title":{"rendered":"El Pocho Lavezzi se cay\u00f3 y se fractur\u00f3 la clav\u00edcula: desmienten que haya sido apu\u00f1alado"},"content":{"rendered":"\n<p>Mar\u00eda del Carmen Lorente, directora del sanatorio Cantegril, afirm\u00f3 que el ex futbolista est\u00e1 fuera de peligro y asegur\u00f3 que la lesi\u00f3n fue producto de un incidente en una fiesta<\/p>\n\n\n\n<p>Este mi\u00e9rcoles se ha generado un impacto en el mundo del f\u00fatbol argentino al conocerse la noticia sobre la internaci\u00f3n de Ezequiel Lavezzi en Punta del Este. En medio de varias versiones sobre su cuadro, la directora del Sanatorio Cantergil, en donde se encuentra ingresado el ex goleador de la Selecci\u00f3n, dio detalles de su estado.<\/p>\n\n\n\n<p>\u201cLes puedo confirmar que se cay\u00f3, tuvo un traumatismo en un evento social y se fractur\u00f3 la clav\u00edcula, por eso est\u00e1 ingresado ac\u00e1. Se encuentra estable y ya se le hicieron estudios, lo vio el traumat\u00f3logo, por ahora no hay intervenci\u00f3n quir\u00fargica. Est\u00e1 inmovilizado y va a quedar unas horas en observaci\u00f3n\u201d, inform\u00f3 Mar\u00eda del Carmen Lorente en di\u00e1logo con ESPN.<\/p>\n\n\n\n<p>Adem\u00e1s, agreg\u00f3: \u201cLa ambulancia lo trajo y como fue en un evento, en una fiesta, en donde se cay\u00f3 y se lastim\u00f3, se llam\u00f3 a la Polic\u00eda. Otra cosa no puedo decir\u201d. Al ser consultada sobre si sufri\u00f3 tambi\u00e9n alguna herida a la altura del abdomen, respondi\u00f3: \u201cEsto que estoy diciendo yo es la causa por lo que \u00e9l est\u00e1 en observaci\u00f3n en este momento. La fractura de clav\u00edcula. Puede ser, pero son heridas superficiales\u201d. En este sentido, llev\u00f3 calma al remarcar en varias ocasiones que el Pocho est\u00e1 evolucionando favorablemente: \u201cEl motivo de consulta por el que nosotros lo tenemos internado es por la fractura de clav\u00edcula y est\u00e1 fuera de peligro\u201d.<\/p>\n\n\n\n<p>Lavezzi fue ingresado al Sanatorio Cantegril en Punta del Este tras sufrir una lesi\u00f3n cerca de las 5 de la ma\u00f1ana tras una fiesta en Jos\u00e9 Ignacio. La Polic\u00eda de Maldonado y la Fiscal\u00eda de Flagrancia se encuentran investigando las circunstancias del hecho, mientras el jugador permanece en observaci\u00f3n.<\/p>\n","protected":false},"excerpt":{"rendered":"<p>Mar\u00eda del Carmen Lorente, directora del sanatorio Cantegril, afirm\u00f3 que el ex futbolista est\u00e1 fuera de peligro y asegur\u00f3 que la lesi\u00f3n fue producto de un incidente en una fiesta Este mi\u00e9rcoles se ha generado un impacto en el mundo del f\u00fatbol argentino al conocerse la noticia sobre la internaci\u00f3n de Ezequiel Lavezzi en Punta [&hellip;]<\/p>\n","protected":false},"author":2,"featured_media":70058,"comment_status":"open","ping_status":"open","sticky":false,"template":"","format":"standard","meta":{"tdm_status":"","tdm_grid_status":"","_joinchat":[],"footnotes":""},"categories":[73],"tags":[],"class_list":{"0":"post-70057","1":"post","2":"type-post","3":"status-publish","4":"format-standard","5":"has-post-thumbnail","7":"category-noticias-general"},"amp_enabled":true,"_links":{"self":[{"href":"https:\/\/www.todoeldia.com\/index.php\/wp-json\/wp\/v2\/posts\/70057","targetHints":{"allow":["GET"]}}],"collection":[{"href":"https:\/\/www.todoeldia.com\/index.php\/wp-json\/wp\/v2\/posts"}],"about":[{"href":"https:\/\/www.todoeldia.com\/index.php\/wp-json\/wp\/v2\/types\/post"}],"author":[{"embeddable":true,"href":"https:\/\/www.todoeldia.com\/index.php\/wp-json\/wp\/v2\/users\/2"}],"replies":[{"embeddable":true,"href":"https:\/\/www.todoeldia.com\/index.php\/wp-json\/wp\/v2\/comments?post=70057"}],"version-history":[{"count":1,"href":"https:\/\/www.todoeldia.com\/index.php\/wp-json\/wp\/v2\/posts\/70057\/revisions"}],"predecessor-version":[{"id":70059,"href":"https:\/\/www.todoeldia.com\/index.php\/wp-json\/wp\/v2\/posts\/70057\/revisions\/70059"}],"wp:featuredmedia":[{"embeddable":true,"href":"https:\/\/www.todoeldia.com\/index.php\/wp-json\/wp\/v2\/media\/70058"}],"wp:attachment":[{"href":"https:\/\/www.todoeldia.com\/index.php\/wp-json\/wp\/v2\/media?parent=70057"}],"wp:term":[{"taxonomy":"category","embeddable":true,"href":"https:\/\/www.todoeldia.com\/index.php\/wp-json\/wp\/v2\/categories?post=70057"},{"taxonomy":"post_tag","embeddable":true,"href":"https:\/\/www.todoeldia.com\/index.php\/wp-json\/wp\/v2\/tags?post=70057"}],"curies":[{"name":"wp","href":"https:\/\/api.w.org\/{rel}","templated":true}]}}