{"id":70060,"date":"2023-12-20T15:41:38","date_gmt":"2023-12-20T18:41:38","guid":{"rendered":"https:\/\/www.todoeldia.com\/?p=70060"},"modified":"2023-12-20T15:41:39","modified_gmt":"2023-12-20T18:41:39","slug":"los-piqueteros-cambiaron-su-plan-y-se-movilizaron-en-transporte-publico","status":"publish","type":"post","link":"https:\/\/www.todoeldia.com\/index.php\/2023\/12\/20\/los-piqueteros-cambiaron-su-plan-y-se-movilizaron-en-transporte-publico\/","title":{"rendered":"Los piqueteros cambiaron su plan y se movilizaron en transporte p\u00fablico"},"content":{"rendered":"\n<p>Organizaciones sociales comenzaron a concentrarse para marchar a Plaza de Mayo. El Ministerio de Seguridad anticip\u00f3 que no permitir\u00e1 piquetes.<\/p>\n\n\n\n<p>La cabecera se traslad\u00f3 a Diagonal Sur y Belgrano. Se observa falta de incentivo, en principio, no solo por los controles en accesos y medios de transporte, sino por la advertencia del gobierno. \u201cEl que corta no cobra\u201d el plan social. Hasta el momento, el efecto disuasi\u00f3n y control desplegado por la ministra de Seguridad, Patricia Bullrich y la aplicaci\u00f3n del Protocolo Antipiquetes est\u00e1 dando sus resultados. Los dirigentes de izquierda cambiamos la cita de la movilizaci\u00f3n que ya no ser\u00e1 en el Congreso de la Naci\u00f3n. La cabecera central se ubicar\u00e1 en Diagonal Sur y Belgrano y desde all\u00ed marchar\u00e1n a Plaza de Mayo, un segunda columna lo har\u00e1 por Diagonal Norte y otras organizaciones y organismos de derechos humanos se movilizar\u00e1n desde el obelisco porte\u00f1o<\/p>\n","protected":false},"excerpt":{"rendered":"<p>Organizaciones sociales comenzaron a concentrarse para marchar a Plaza de Mayo. El Ministerio de Seguridad anticip\u00f3 que no permitir\u00e1 piquetes. La cabecera se traslad\u00f3 a Diagonal Sur y Belgrano. Se observa falta de incentivo, en principio, no solo por los controles en accesos y medios de transporte, sino por la advertencia del gobierno. \u201cEl que [&hellip;]<\/p>\n","protected":false},"author":2,"featured_media":70061,"comment_status":"open","ping_status":"open","sticky":false,"template":"","format":"standard","meta":{"tdm_status":"","tdm_grid_status":"","_joinchat":[],"footnotes":""},"categories":[59],"tags":[],"class_list":{"0":"post-70060","1":"post","2":"type-post","3":"status-publish","4":"format-standard","5":"has-post-thumbnail","7":"category-politica"},"amp_enabled":true,"_links":{"self":[{"href":"https:\/\/www.todoeldia.com\/index.php\/wp-json\/wp\/v2\/posts\/70060","targetHints":{"allow":["GET"]}}],"collection":[{"href":"https:\/\/www.todoeldia.com\/index.php\/wp-json\/wp\/v2\/posts"}],"about":[{"href":"https:\/\/www.todoeldia.com\/index.php\/wp-json\/wp\/v2\/types\/post"}],"author":[{"embeddable":true,"href":"https:\/\/www.todoeldia.com\/index.php\/wp-json\/wp\/v2\/users\/2"}],"replies":[{"embeddable":true,"href":"https:\/\/www.todoeldia.com\/index.php\/wp-json\/wp\/v2\/comments?post=70060"}],"version-history":[{"count":1,"href":"https:\/\/www.todoeldia.com\/index.php\/wp-json\/wp\/v2\/posts\/70060\/revisions"}],"predecessor-version":[{"id":70062,"href":"https:\/\/www.todoeldia.com\/index.php\/wp-json\/wp\/v2\/posts\/70060\/revisions\/70062"}],"wp:featuredmedia":[{"embeddable":true,"href":"https:\/\/www.todoeldia.com\/index.php\/wp-json\/wp\/v2\/media\/70061"}],"wp:attachment":[{"href":"https:\/\/www.todoeldia.com\/index.php\/wp-json\/wp\/v2\/media?parent=70060"}],"wp:term":[{"taxonomy":"category","embeddable":true,"href":"https:\/\/www.todoeldia.com\/index.php\/wp-json\/wp\/v2\/categories?post=70060"},{"taxonomy":"post_tag","embeddable":true,"href":"https:\/\/www.todoeldia.com\/index.php\/wp-json\/wp\/v2\/tags?post=70060"}],"curies":[{"name":"wp","href":"https:\/\/api.w.org\/{rel}","templated":true}]}}