{"id":70066,"date":"2023-12-20T15:55:35","date_gmt":"2023-12-20T18:55:35","guid":{"rendered":"https:\/\/www.todoeldia.com\/?p=70066"},"modified":"2023-12-20T15:55:35","modified_gmt":"2023-12-20T18:55:35","slug":"confirman-un-caso-humano-de-encefalomielitis-equina-en-argentina","status":"publish","type":"post","link":"https:\/\/www.todoeldia.com\/index.php\/2023\/12\/20\/confirman-un-caso-humano-de-encefalomielitis-equina-en-argentina\/","title":{"rendered":"Confirman un caso humano de encefalomielitis equina en Argentina"},"content":{"rendered":"\n<p>Tras detectarse 920 brotes en animales desde noviembre, el Ministerio de Salud de la Naci\u00f3n inform\u00f3 que hay una persona afectada por la infecci\u00f3n viral en la provincia de Santa Fe. Los casos anteriores ocurrieron en 1983 y 1996. Cu\u00e1les son los s\u00edntomas.<\/p>\n\n\n\n<p>Desde noviembre en la Argentina se est\u00e1 desarrollando la reemergencia de una infecci\u00f3n viral que se llama encefalomielitis equina del Oeste. Afecta principalmente a caballos, yeguas y burros y ya se han detectado 920 brotes en animales de 15 jurisdicciones del pa\u00eds. Tambi\u00e9n se han identificado casos de animales enfermos en Uruguay.<\/p>\n\n\n\n<p>Esta ma\u00f1ana, el Ministerio de Salud de la Naci\u00f3n de Argentina confirm\u00f3 el diagn\u00f3stico de la infecci\u00f3n viral en una persona que est\u00e1 internada en un hospital de Reconquista, Santa Fe.<\/p>\n\n\n\n<figure class=\"wp-block-image size-full is-resized\"><img loading=\"lazy\" decoding=\"async\" width=\"768\" height=\"432\" src=\"https:\/\/www.todoeldia.com\/wp-content\/uploads\/2023\/12\/image-154.png\" alt=\"\" class=\"wp-image-70068\" style=\"width:914px;height:auto\" srcset=\"https:\/\/www.todoeldia.com\/wp-content\/uploads\/2023\/12\/image-154.png 768w, https:\/\/www.todoeldia.com\/wp-content\/uploads\/2023\/12\/image-154-300x169.png 300w, https:\/\/www.todoeldia.com\/wp-content\/uploads\/2023\/12\/image-154-696x392.png 696w, https:\/\/www.todoeldia.com\/wp-content\/uploads\/2023\/12\/image-154-747x420.png 747w\" sizes=\"auto, (max-width: 768px) 100vw, 768px\" \/><\/figure>\n\n\n\n<p>La infecci\u00f3n afecta principalmente a los equinos, pero -con menor frecuencia- puede ser adquirida por personas. Se transmite por especies de mosquitos que llevan el virus y pican.<\/p>\n\n\n\n<p>Antes, la cartera de Salud hab\u00eda informado que desde el 19 de noviembre hubo 25 casos sospechosos de personas que podr\u00edan haberse contagiado. Se les hizo un seguimiento. En un comunicado con fecha de hoy, Salud inform\u00f3 que \u201cse obtuvieron resultados positivos para Encefalitis Equina del Oeste en muestras provenientes de un paciente que reside en el departamento de General Obligado, provincia de Santa Fe\u201d.<\/p>\n\n\n\n<p>Cu\u00e1les son los s\u00edntomas de la infecci\u00f3n<\/p>\n\n\n\n<p>En humanos, la encefalitis equina del Oeste tiene un per\u00edodo de incubaci\u00f3n de 2 a 10 d\u00edas. La mayor\u00eda de los casos son asintom\u00e1ticos o se presentan como cuadros leves con fiebre, cansancio, dolores musculares y malestar general que se resuelven espont\u00e1neamente en 7 a 10 d\u00edas.<\/p>\n","protected":false},"excerpt":{"rendered":"<p>Tras detectarse 920 brotes en animales desde noviembre, el Ministerio de Salud de la Naci\u00f3n inform\u00f3 que hay una persona afectada por la infecci\u00f3n viral en la provincia de Santa Fe. Los casos anteriores ocurrieron en 1983 y 1996. Cu\u00e1les son los s\u00edntomas. Desde noviembre en la Argentina se est\u00e1 desarrollando la reemergencia de una [&hellip;]<\/p>\n","protected":false},"author":2,"featured_media":70067,"comment_status":"open","ping_status":"open","sticky":false,"template":"","format":"standard","meta":{"tdm_status":"","tdm_grid_status":"","_joinchat":[],"footnotes":""},"categories":[73],"tags":[],"class_list":{"0":"post-70066","1":"post","2":"type-post","3":"status-publish","4":"format-standard","5":"has-post-thumbnail","7":"category-noticias-general"},"amp_enabled":true,"_links":{"self":[{"href":"https:\/\/www.todoeldia.com\/index.php\/wp-json\/wp\/v2\/posts\/70066","targetHints":{"allow":["GET"]}}],"collection":[{"href":"https:\/\/www.todoeldia.com\/index.php\/wp-json\/wp\/v2\/posts"}],"about":[{"href":"https:\/\/www.todoeldia.com\/index.php\/wp-json\/wp\/v2\/types\/post"}],"author":[{"embeddable":true,"href":"https:\/\/www.todoeldia.com\/index.php\/wp-json\/wp\/v2\/users\/2"}],"replies":[{"embeddable":true,"href":"https:\/\/www.todoeldia.com\/index.php\/wp-json\/wp\/v2\/comments?post=70066"}],"version-history":[{"count":1,"href":"https:\/\/www.todoeldia.com\/index.php\/wp-json\/wp\/v2\/posts\/70066\/revisions"}],"predecessor-version":[{"id":70069,"href":"https:\/\/www.todoeldia.com\/index.php\/wp-json\/wp\/v2\/posts\/70066\/revisions\/70069"}],"wp:featuredmedia":[{"embeddable":true,"href":"https:\/\/www.todoeldia.com\/index.php\/wp-json\/wp\/v2\/media\/70067"}],"wp:attachment":[{"href":"https:\/\/www.todoeldia.com\/index.php\/wp-json\/wp\/v2\/media?parent=70066"}],"wp:term":[{"taxonomy":"category","embeddable":true,"href":"https:\/\/www.todoeldia.com\/index.php\/wp-json\/wp\/v2\/categories?post=70066"},{"taxonomy":"post_tag","embeddable":true,"href":"https:\/\/www.todoeldia.com\/index.php\/wp-json\/wp\/v2\/tags?post=70066"}],"curies":[{"name":"wp","href":"https:\/\/api.w.org\/{rel}","templated":true}]}}