{"id":70070,"date":"2023-12-20T16:00:22","date_gmt":"2023-12-20T19:00:22","guid":{"rendered":"https:\/\/www.todoeldia.com\/?p=70070"},"modified":"2023-12-20T16:00:22","modified_gmt":"2023-12-20T19:00:22","slug":"el-polo-obrero-maneja-una-caja-de-5-mil-millones-por-la-intermediacion-de-los-planes","status":"publish","type":"post","link":"https:\/\/www.todoeldia.com\/index.php\/2023\/12\/20\/el-polo-obrero-maneja-una-caja-de-5-mil-millones-por-la-intermediacion-de-los-planes\/","title":{"rendered":"El Polo Obrero maneja una caja de $5 mil millones por la intermediaci\u00f3n de los planes"},"content":{"rendered":"\n<p>\u201cSe va a hacer todo lo que est\u00e9 a nuestro alcance para pulverizar este tipo de acciones\u201d, asegur\u00f3 el vocero presidencial, Manuel Adorni.<\/p>\n\n\n\n<p>A pocas horas del inicio de la marcha piquetera, el vocero presidencial, Manuel Adorni, apunt\u00f3 contra el Polo Obrero, una de las organizaciones convocantes, y denunci\u00f3 que maneja una caja de $5.461 millones en la intermediaci\u00f3n de los planes sociales. \u201cSe va a hacer todo lo que est\u00e9 a nuestro alcance para pulverizar este tipo de acciones\u201d, asegur\u00f3 el funcionario en el marco de su habitual conferencia de prensa.<\/p>\n\n\n\n<p>Seg\u00fan Adorni, todas las organizaciones que participar\u00e1n de la movilizaci\u00f3n \u201cson las que act\u00faan de intermediarias entre el plan y el beneficiario\u201d. \u201cEntendemos que detr\u00e1s de eso hay un gran negocio, y el Polo Obrero, una de ellas, maneja una caja de 5.461 millones de pesos, siempre extorsionando y maltratando a la gente que necesita estos planes y que realmente tiene necesidades\u201d, sostuvo.<\/p>\n","protected":false},"excerpt":{"rendered":"<p>\u201cSe va a hacer todo lo que est\u00e9 a nuestro alcance para pulverizar este tipo de acciones\u201d, asegur\u00f3 el vocero presidencial, Manuel Adorni. A pocas horas del inicio de la marcha piquetera, el vocero presidencial, Manuel Adorni, apunt\u00f3 contra el Polo Obrero, una de las organizaciones convocantes, y denunci\u00f3 que maneja una caja de $5.461 [&hellip;]<\/p>\n","protected":false},"author":2,"featured_media":70071,"comment_status":"open","ping_status":"open","sticky":false,"template":"","format":"standard","meta":{"tdm_status":"","tdm_grid_status":"","_joinchat":[],"footnotes":""},"categories":[59],"tags":[],"class_list":{"0":"post-70070","1":"post","2":"type-post","3":"status-publish","4":"format-standard","5":"has-post-thumbnail","7":"category-politica"},"amp_enabled":true,"_links":{"self":[{"href":"https:\/\/www.todoeldia.com\/index.php\/wp-json\/wp\/v2\/posts\/70070","targetHints":{"allow":["GET"]}}],"collection":[{"href":"https:\/\/www.todoeldia.com\/index.php\/wp-json\/wp\/v2\/posts"}],"about":[{"href":"https:\/\/www.todoeldia.com\/index.php\/wp-json\/wp\/v2\/types\/post"}],"author":[{"embeddable":true,"href":"https:\/\/www.todoeldia.com\/index.php\/wp-json\/wp\/v2\/users\/2"}],"replies":[{"embeddable":true,"href":"https:\/\/www.todoeldia.com\/index.php\/wp-json\/wp\/v2\/comments?post=70070"}],"version-history":[{"count":1,"href":"https:\/\/www.todoeldia.com\/index.php\/wp-json\/wp\/v2\/posts\/70070\/revisions"}],"predecessor-version":[{"id":70072,"href":"https:\/\/www.todoeldia.com\/index.php\/wp-json\/wp\/v2\/posts\/70070\/revisions\/70072"}],"wp:featuredmedia":[{"embeddable":true,"href":"https:\/\/www.todoeldia.com\/index.php\/wp-json\/wp\/v2\/media\/70071"}],"wp:attachment":[{"href":"https:\/\/www.todoeldia.com\/index.php\/wp-json\/wp\/v2\/media?parent=70070"}],"wp:term":[{"taxonomy":"category","embeddable":true,"href":"https:\/\/www.todoeldia.com\/index.php\/wp-json\/wp\/v2\/categories?post=70070"},{"taxonomy":"post_tag","embeddable":true,"href":"https:\/\/www.todoeldia.com\/index.php\/wp-json\/wp\/v2\/tags?post=70070"}],"curies":[{"name":"wp","href":"https:\/\/api.w.org\/{rel}","templated":true}]}}