{"id":70073,"date":"2023-12-20T16:08:27","date_gmt":"2023-12-20T19:08:27","guid":{"rendered":"https:\/\/www.todoeldia.com\/?p=70073"},"modified":"2023-12-20T16:08:27","modified_gmt":"2023-12-20T19:08:27","slug":"4-delincuentes-realizaron-un-millonario-atraco-en-oran","status":"publish","type":"post","link":"https:\/\/www.todoeldia.com\/index.php\/2023\/12\/20\/4-delincuentes-realizaron-un-millonario-atraco-en-oran\/","title":{"rendered":"4 delincuentes realizaron un millonario atraco en Or\u00e1n"},"content":{"rendered":"\n<p>En la ma\u00f1ana de este mi\u00e9rcoles se registr\u00f3 un robo millonario en Or\u00e1n que tuvo como v\u00edctima a un empleado de la reconocida distribuidora de gaseosas Seco, ubicada en la intersecci\u00f3n de las calles Arenales y Almafuerte.<\/p>\n\n\n\n<p>De acuerdo con los primeros datos obtenidos en primicia por Radio La 10 Or\u00e1n y Voces Cr\u00edticas, el atraco fue perpetrado por un grupo de cuatro individuos desconocidos, quienes se llevaron consigo una suma estimada entre 7 y 9 millones de pesos.<\/p>\n\n\n\n<p>El robo tuvo lugar cuando el empleado, se dirig\u00eda en su motocicleta al banco para realizar un dep\u00f3sito de fondos pertenecientes a la distribuidora. A pesar de la magnitud del robo, los primeros informes indican que los delincuentes abordaron al trabajador sin recurrir a la violencia f\u00edsica, evitando causarle lesiones durante el proceso delictivo.<\/p>\n\n\n\n<p>Hasta ahora, ning\u00fan representante de la distribuidora ha proporcionado comentarios sobre el robo millonario en Or\u00e1n. Mientras tanto, se est\u00e1n llevando a cabo los primeros pasos frente a la justicia.<\/p>\n\n\n\n<p>La denuncia correspondiente ya ha sido presentada en la comisar\u00eda del Barrio 9 de julio, dando inicio a la investigaci\u00f3n policial para esclarecer los detalles del suceso y tratar de dar con los responsables. Informa Voces Cr\u00edticas.<\/p>\n","protected":false},"excerpt":{"rendered":"<p>En la ma\u00f1ana de este mi\u00e9rcoles se registr\u00f3 un robo millonario en Or\u00e1n que tuvo como v\u00edctima a un empleado de la reconocida distribuidora de gaseosas Seco, ubicada en la intersecci\u00f3n de las calles Arenales y Almafuerte. De acuerdo con los primeros datos obtenidos en primicia por Radio La 10 Or\u00e1n y Voces Cr\u00edticas, el [&hellip;]<\/p>\n","protected":false},"author":2,"featured_media":70074,"comment_status":"open","ping_status":"open","sticky":false,"template":"","format":"standard","meta":{"tdm_status":"","tdm_grid_status":"","_joinchat":[],"footnotes":""},"categories":[63],"tags":[],"class_list":{"0":"post-70073","1":"post","2":"type-post","3":"status-publish","4":"format-standard","5":"has-post-thumbnail","7":"category-policiales"},"amp_enabled":true,"_links":{"self":[{"href":"https:\/\/www.todoeldia.com\/index.php\/wp-json\/wp\/v2\/posts\/70073","targetHints":{"allow":["GET"]}}],"collection":[{"href":"https:\/\/www.todoeldia.com\/index.php\/wp-json\/wp\/v2\/posts"}],"about":[{"href":"https:\/\/www.todoeldia.com\/index.php\/wp-json\/wp\/v2\/types\/post"}],"author":[{"embeddable":true,"href":"https:\/\/www.todoeldia.com\/index.php\/wp-json\/wp\/v2\/users\/2"}],"replies":[{"embeddable":true,"href":"https:\/\/www.todoeldia.com\/index.php\/wp-json\/wp\/v2\/comments?post=70073"}],"version-history":[{"count":1,"href":"https:\/\/www.todoeldia.com\/index.php\/wp-json\/wp\/v2\/posts\/70073\/revisions"}],"predecessor-version":[{"id":70075,"href":"https:\/\/www.todoeldia.com\/index.php\/wp-json\/wp\/v2\/posts\/70073\/revisions\/70075"}],"wp:featuredmedia":[{"embeddable":true,"href":"https:\/\/www.todoeldia.com\/index.php\/wp-json\/wp\/v2\/media\/70074"}],"wp:attachment":[{"href":"https:\/\/www.todoeldia.com\/index.php\/wp-json\/wp\/v2\/media?parent=70073"}],"wp:term":[{"taxonomy":"category","embeddable":true,"href":"https:\/\/www.todoeldia.com\/index.php\/wp-json\/wp\/v2\/categories?post=70073"},{"taxonomy":"post_tag","embeddable":true,"href":"https:\/\/www.todoeldia.com\/index.php\/wp-json\/wp\/v2\/tags?post=70073"}],"curies":[{"name":"wp","href":"https:\/\/api.w.org\/{rel}","templated":true}]}}