{"id":70076,"date":"2023-12-20T16:14:06","date_gmt":"2023-12-20T19:14:06","guid":{"rendered":"https:\/\/www.todoeldia.com\/?p=70076"},"modified":"2023-12-20T16:14:06","modified_gmt":"2023-12-20T19:14:06","slug":"un-comerciante-embargo-la-casa-del-bicentenario-de-oran-por-falta-de-pago","status":"publish","type":"post","link":"https:\/\/www.todoeldia.com\/index.php\/2023\/12\/20\/un-comerciante-embargo-la-casa-del-bicentenario-de-oran-por-falta-de-pago\/","title":{"rendered":"Un comerciante embarg\u00f3 la Casa del Bicentenario de Or\u00e1n por falta de pago"},"content":{"rendered":"\n<p>Radio la 10 noticias, habl\u00f3 con el Dr. Javier Molina, quien es abogado del propietario de la casa comercial local que denunci\u00f3 al municipio en la gesti\u00f3n del ex intendente Dr. Pablo Gonz\u00e1lez por la falta de pago en la compra de productos.<\/p>\n\n\n\n<p>Primero se inici\u00f3 un reclamo administrativo que no tuvo respuesta y en base a esto se inici\u00f3, a trav\u00e9s de la justicia, el pago de la deuda con intereses y \u201cda\u00f1os por incumplimiento\u201d que causa al proveedor.<\/p>\n\n\n\n<p>\u201cCuando asume la nueva gesti\u00f3n se dan con este embargo a la Casa de Bicentenario, que no precisamente va a salir en venta en un remate p\u00fablico, ya que los actuales funcionarios se vieron optimistas en llegar a un acuerdo e ir pagando con los intereses correspondientes\u201d coment\u00f3 el Dr. Javier Molina.<\/p>\n\n\n\n<p>Cabe aclarar que el embargo se realiza en los bienes y no las cuentas bancarias que tiene el Municipio.<\/p>\n\n\n\n<p>Consultado por lo sucedido con la Mutual de AMUTRAMO, que meses atr\u00e1s reclamaba al municipio el pago de la prestaci\u00f3n de servicio y el cual era descontado de los haberes de los municipales, pero el dinero no pasaba a la mutual, dijo a radio la 10 noticias \u201cse realiz\u00f3 un pago completo de la deuda, pero no as\u00ed de los intereses\u201d.<\/p>\n\n\n\n<p>Finalmente coment\u00f3 que la municipalidad rescindi\u00f3 el contrato con la mutual, pero hoy con la gesti\u00f3n del Intendente Baltasar Lara Gros esperan reunirse para poder restablecer este convenio.<\/p>\n","protected":false},"excerpt":{"rendered":"<p>Radio la 10 noticias, habl\u00f3 con el Dr. Javier Molina, quien es abogado del propietario de la casa comercial local que denunci\u00f3 al municipio en la gesti\u00f3n del ex intendente Dr. Pablo Gonz\u00e1lez por la falta de pago en la compra de productos. Primero se inici\u00f3 un reclamo administrativo que no tuvo respuesta y en [&hellip;]<\/p>\n","protected":false},"author":2,"featured_media":70077,"comment_status":"open","ping_status":"open","sticky":false,"template":"","format":"standard","meta":{"tdm_status":"","tdm_grid_status":"","_joinchat":[],"footnotes":""},"categories":[59],"tags":[],"class_list":{"0":"post-70076","1":"post","2":"type-post","3":"status-publish","4":"format-standard","5":"has-post-thumbnail","7":"category-politica"},"amp_enabled":true,"_links":{"self":[{"href":"https:\/\/www.todoeldia.com\/index.php\/wp-json\/wp\/v2\/posts\/70076","targetHints":{"allow":["GET"]}}],"collection":[{"href":"https:\/\/www.todoeldia.com\/index.php\/wp-json\/wp\/v2\/posts"}],"about":[{"href":"https:\/\/www.todoeldia.com\/index.php\/wp-json\/wp\/v2\/types\/post"}],"author":[{"embeddable":true,"href":"https:\/\/www.todoeldia.com\/index.php\/wp-json\/wp\/v2\/users\/2"}],"replies":[{"embeddable":true,"href":"https:\/\/www.todoeldia.com\/index.php\/wp-json\/wp\/v2\/comments?post=70076"}],"version-history":[{"count":1,"href":"https:\/\/www.todoeldia.com\/index.php\/wp-json\/wp\/v2\/posts\/70076\/revisions"}],"predecessor-version":[{"id":70078,"href":"https:\/\/www.todoeldia.com\/index.php\/wp-json\/wp\/v2\/posts\/70076\/revisions\/70078"}],"wp:featuredmedia":[{"embeddable":true,"href":"https:\/\/www.todoeldia.com\/index.php\/wp-json\/wp\/v2\/media\/70077"}],"wp:attachment":[{"href":"https:\/\/www.todoeldia.com\/index.php\/wp-json\/wp\/v2\/media?parent=70076"}],"wp:term":[{"taxonomy":"category","embeddable":true,"href":"https:\/\/www.todoeldia.com\/index.php\/wp-json\/wp\/v2\/categories?post=70076"},{"taxonomy":"post_tag","embeddable":true,"href":"https:\/\/www.todoeldia.com\/index.php\/wp-json\/wp\/v2\/tags?post=70076"}],"curies":[{"name":"wp","href":"https:\/\/api.w.org\/{rel}","templated":true}]}}