{"id":70079,"date":"2023-12-20T18:58:23","date_gmt":"2023-12-20T21:58:23","guid":{"rendered":"https:\/\/www.todoeldia.com\/?p=70079"},"modified":"2023-12-20T18:58:23","modified_gmt":"2023-12-20T21:58:23","slug":"vecinos-de-la-ampliacion-de-santa-ana-ii-siguen-bregando-por-las-escrituras","status":"publish","type":"post","link":"https:\/\/www.todoeldia.com\/index.php\/2023\/12\/20\/vecinos-de-la-ampliacion-de-santa-ana-ii-siguen-bregando-por-las-escrituras\/","title":{"rendered":"Vecinos de la ampliaci\u00f3n de Santa Ana II siguen bregando por las escrituras"},"content":{"rendered":"\n<p>Referentes de un centenar de familias de Barrio ampliaci\u00f3n Santa Ana II denunciaron ante los senadores estafas en la venta de los terrenos que ocupan y pidieron la aprobaci\u00f3n de un proyecto de Ley que declare la necesidad de su expropiaci\u00f3n para poder terminar de adquirirlas al Estado.<\/p>\n\n\n\n<p>Los representantes fueron recibidos este mi\u00e9rcoles por la Comisi\u00f3n de Legislaci\u00f3n General, del Trabajo y R\u00e9gimen Previsional del Senado.<\/p>\n\n\n\n<p>Indicaron que los vecinos m\u00e1s antiguos llegaron al barrio hace 40 a\u00f1os tras haber adquirido los inmuebles a un particular. Aclararon que figuraban a nombre de la firma Conciel S.A. y que tras su quiebra fueron adquiridos en 2018 en un remate judicial por Miguel Alberto Rueda.<\/p>\n\n\n\n<p>Advirtieron que esa operaci\u00f3n trunc\u00f3 el proceso legal de posesi\u00f3n veinte\u00f1al, que hab\u00edan adoptado como alternativa para lograr la escrituraci\u00f3n de los inmuebles adquiridos de buena fe, a lo que se sumaron distintos hechos que describieron como \u201cmaniobras fraudulentas\u201d por parte del nuevo due\u00f1o.<\/p>\n\n\n\n<p>Al respecto, el Proyecto especifica que, concluida la expropiaci\u00f3n, los inmuebles deben adjudicarse en venta directamente a quienes acrediten fehacientemente su ocupaci\u00f3n durante un per\u00edodo no menor a un a\u00f1o.<\/p>\n","protected":false},"excerpt":{"rendered":"<p>Referentes de un centenar de familias de Barrio ampliaci\u00f3n Santa Ana II denunciaron ante los senadores estafas en la venta de los terrenos que ocupan y pidieron la aprobaci\u00f3n de un proyecto de Ley que declare la necesidad de su expropiaci\u00f3n para poder terminar de adquirirlas al Estado. Los representantes fueron recibidos este mi\u00e9rcoles por [&hellip;]<\/p>\n","protected":false},"author":2,"featured_media":70080,"comment_status":"open","ping_status":"open","sticky":false,"template":"","format":"standard","meta":{"tdm_status":"","tdm_grid_status":"","_joinchat":[],"footnotes":""},"categories":[73],"tags":[],"class_list":{"0":"post-70079","1":"post","2":"type-post","3":"status-publish","4":"format-standard","5":"has-post-thumbnail","7":"category-noticias-general"},"amp_enabled":true,"_links":{"self":[{"href":"https:\/\/www.todoeldia.com\/index.php\/wp-json\/wp\/v2\/posts\/70079","targetHints":{"allow":["GET"]}}],"collection":[{"href":"https:\/\/www.todoeldia.com\/index.php\/wp-json\/wp\/v2\/posts"}],"about":[{"href":"https:\/\/www.todoeldia.com\/index.php\/wp-json\/wp\/v2\/types\/post"}],"author":[{"embeddable":true,"href":"https:\/\/www.todoeldia.com\/index.php\/wp-json\/wp\/v2\/users\/2"}],"replies":[{"embeddable":true,"href":"https:\/\/www.todoeldia.com\/index.php\/wp-json\/wp\/v2\/comments?post=70079"}],"version-history":[{"count":1,"href":"https:\/\/www.todoeldia.com\/index.php\/wp-json\/wp\/v2\/posts\/70079\/revisions"}],"predecessor-version":[{"id":70081,"href":"https:\/\/www.todoeldia.com\/index.php\/wp-json\/wp\/v2\/posts\/70079\/revisions\/70081"}],"wp:featuredmedia":[{"embeddable":true,"href":"https:\/\/www.todoeldia.com\/index.php\/wp-json\/wp\/v2\/media\/70080"}],"wp:attachment":[{"href":"https:\/\/www.todoeldia.com\/index.php\/wp-json\/wp\/v2\/media?parent=70079"}],"wp:term":[{"taxonomy":"category","embeddable":true,"href":"https:\/\/www.todoeldia.com\/index.php\/wp-json\/wp\/v2\/categories?post=70079"},{"taxonomy":"post_tag","embeddable":true,"href":"https:\/\/www.todoeldia.com\/index.php\/wp-json\/wp\/v2\/tags?post=70079"}],"curies":[{"name":"wp","href":"https:\/\/api.w.org\/{rel}","templated":true}]}}