{"id":70085,"date":"2023-12-21T10:49:09","date_gmt":"2023-12-21T13:49:09","guid":{"rendered":"https:\/\/www.todoeldia.com\/?p=70085"},"modified":"2023-12-21T10:49:09","modified_gmt":"2023-12-21T13:49:09","slug":"fue-a-bolivia-a-comprar-neumaticos-y-se-los-secuestro-la-policia-en-el-ingreso-a-la-ciudad","status":"publish","type":"post","link":"https:\/\/www.todoeldia.com\/index.php\/2023\/12\/21\/fue-a-bolivia-a-comprar-neumaticos-y-se-los-secuestro-la-policia-en-el-ingreso-a-la-ciudad\/","title":{"rendered":"Fue a Bolivia a comprar neum\u00e1ticos y se los secuestr\u00f3 la polic\u00eda en el ingreso a la ciudad"},"content":{"rendered":"\n<p>Ayer cerca de las 5 de la tarde Polic\u00edas de la Vial instalados en el puesto La Higuerilla en la ruta 9 controlaron un veh\u00edculo y constataron que llevaba en el asiento trasero neum\u00e1ticos y adornos de luces navide\u00f1os.<\/p>\n\n\n\n<p>Se le solicit\u00f3 documentaci\u00f3n o factura de compra que avale la legal procedencia de la mercader\u00eda, manifestando que no contaba con ellos.<\/p>\n\n\n\n<figure class=\"wp-block-image size-large is-resized\"><img loading=\"lazy\" decoding=\"async\" width=\"430\" height=\"1024\" src=\"https:\/\/www.todoeldia.com\/wp-content\/uploads\/2023\/12\/image-155-430x1024.png\" alt=\"\" class=\"wp-image-70087\" style=\"width:914px;height:auto\" srcset=\"https:\/\/www.todoeldia.com\/wp-content\/uploads\/2023\/12\/image-155-430x1024.png 430w, https:\/\/www.todoeldia.com\/wp-content\/uploads\/2023\/12\/image-155-126x300.png 126w, https:\/\/www.todoeldia.com\/wp-content\/uploads\/2023\/12\/image-155-300x715.png 300w, https:\/\/www.todoeldia.com\/wp-content\/uploads\/2023\/12\/image-155-176x420.png 176w, https:\/\/www.todoeldia.com\/wp-content\/uploads\/2023\/12\/image-155.png 506w\" sizes=\"auto, (max-width: 430px) 100vw, 430px\" \/><\/figure>\n\n\n\n<p>Al respecto se realiz\u00f3 consulta con la Fiscal\u00eda Federal quien dispuso el secuestro de los elementos y la formaci\u00f3n de causa por el delito de Encubrimiento al Contrabando conforme lo establece la Ley N\u00b0 22.415 \u201cC\u00f3digo Aduanero\u201d.<\/p>\n\n\n\n<p>El secuestro fue remitido a la Direcci\u00f3n de Aduanas y el conductor de 45 a\u00f1os fue infraccionado.<\/p>\n","protected":false},"excerpt":{"rendered":"<p>Ayer cerca de las 5 de la tarde Polic\u00edas de la Vial instalados en el puesto La Higuerilla en la ruta 9 controlaron un veh\u00edculo y constataron que llevaba en el asiento trasero neum\u00e1ticos y adornos de luces navide\u00f1os. Se le solicit\u00f3 documentaci\u00f3n o factura de compra que avale la legal procedencia de la mercader\u00eda, [&hellip;]<\/p>\n","protected":false},"author":2,"featured_media":70086,"comment_status":"open","ping_status":"open","sticky":false,"template":"","format":"standard","meta":{"tdm_status":"","tdm_grid_status":"","_joinchat":[],"footnotes":""},"categories":[63],"tags":[],"class_list":{"0":"post-70085","1":"post","2":"type-post","3":"status-publish","4":"format-standard","5":"has-post-thumbnail","7":"category-policiales"},"amp_enabled":true,"_links":{"self":[{"href":"https:\/\/www.todoeldia.com\/index.php\/wp-json\/wp\/v2\/posts\/70085","targetHints":{"allow":["GET"]}}],"collection":[{"href":"https:\/\/www.todoeldia.com\/index.php\/wp-json\/wp\/v2\/posts"}],"about":[{"href":"https:\/\/www.todoeldia.com\/index.php\/wp-json\/wp\/v2\/types\/post"}],"author":[{"embeddable":true,"href":"https:\/\/www.todoeldia.com\/index.php\/wp-json\/wp\/v2\/users\/2"}],"replies":[{"embeddable":true,"href":"https:\/\/www.todoeldia.com\/index.php\/wp-json\/wp\/v2\/comments?post=70085"}],"version-history":[{"count":1,"href":"https:\/\/www.todoeldia.com\/index.php\/wp-json\/wp\/v2\/posts\/70085\/revisions"}],"predecessor-version":[{"id":70088,"href":"https:\/\/www.todoeldia.com\/index.php\/wp-json\/wp\/v2\/posts\/70085\/revisions\/70088"}],"wp:featuredmedia":[{"embeddable":true,"href":"https:\/\/www.todoeldia.com\/index.php\/wp-json\/wp\/v2\/media\/70086"}],"wp:attachment":[{"href":"https:\/\/www.todoeldia.com\/index.php\/wp-json\/wp\/v2\/media?parent=70085"}],"wp:term":[{"taxonomy":"category","embeddable":true,"href":"https:\/\/www.todoeldia.com\/index.php\/wp-json\/wp\/v2\/categories?post=70085"},{"taxonomy":"post_tag","embeddable":true,"href":"https:\/\/www.todoeldia.com\/index.php\/wp-json\/wp\/v2\/tags?post=70085"}],"curies":[{"name":"wp","href":"https:\/\/api.w.org\/{rel}","templated":true}]}}