{"id":70089,"date":"2023-12-21T11:02:28","date_gmt":"2023-12-21T14:02:28","guid":{"rendered":"https:\/\/www.todoeldia.com\/?p=70089"},"modified":"2023-12-21T11:02:28","modified_gmt":"2023-12-21T14:02:28","slug":"le-pego-una-trompada-lo-tiro-al-piso-se-golpeo-la-cabeza-y-murio-3-anos-de-prision-condicional","status":"publish","type":"post","link":"https:\/\/www.todoeldia.com\/index.php\/2023\/12\/21\/le-pego-una-trompada-lo-tiro-al-piso-se-golpeo-la-cabeza-y-murio-3-anos-de-prision-condicional\/","title":{"rendered":"Le pego una trompada, lo tiro al piso, se golpe\u00f3 la cabeza y muri\u00f3: 3 a\u00f1os de prisi\u00f3n condicional"},"content":{"rendered":"\n<p>Ocurri\u00f3 el pasado mes de octubre en la ciudad de Salta, donde el acusado, tras mantener una pelea a golpes de pu\u00f1o con el fallecido, provoc\u00f3 su deceso.<\/p>\n\n\n\n<p>El fiscal penal 1 de la Unidad de Graves Atentados contra las Personas, Leandro Flores, represent\u00f3 al Ministerio P\u00fablico Fiscal ante el Juzgado de Garant\u00edas 2 del distrito Centro, en la audiencia de juicio abreviado contra Nicol\u00e1s Sebasti\u00e1n Herrera como autor del delito de homicidio preterintencional en perjuicio de Mario Alberto Z\u00e1rate.<\/p>\n\n\n\n<p>El hecho juzgado ocurri\u00f3 el pasado 10 de octubre sobre calle Francisco de Aguirre entre calle Zuviria y pasaje San Andr\u00e9s de la ciudad de Salta, donde tras protagonizar una pelea, el acusado le propin\u00f3 un golpe de pu\u00f1o al hombre de 44 a\u00f1os, ocasionando que caiga el piso desde su propia altura, se golpeara la cabeza y pierda la vida por un TEC grave.<\/p>\n\n\n\n<p>El juez Ignacio Colombo, luego de recibir la confesi\u00f3n del acusado y con la conformidad de las partes, le impuso una pena de 3 a\u00f1os de prisi\u00f3n de ejecuci\u00f3n condicional y el cumplimiento de reglas de conducta por el mismo t\u00e9rmino. Adem\u00e1s, pagar\u00e1 una suma de dinero en concepto de reparaci\u00f3n econ\u00f3mica a favor de la familia de la v\u00edctima.<\/p>\n","protected":false},"excerpt":{"rendered":"<p>Ocurri\u00f3 el pasado mes de octubre en la ciudad de Salta, donde el acusado, tras mantener una pelea a golpes de pu\u00f1o con el fallecido, provoc\u00f3 su deceso. El fiscal penal 1 de la Unidad de Graves Atentados contra las Personas, Leandro Flores, represent\u00f3 al Ministerio P\u00fablico Fiscal ante el Juzgado de Garant\u00edas 2 del [&hellip;]<\/p>\n","protected":false},"author":2,"featured_media":70090,"comment_status":"open","ping_status":"open","sticky":false,"template":"","format":"standard","meta":{"tdm_status":"","tdm_grid_status":"","_joinchat":[],"footnotes":""},"categories":[63],"tags":[],"class_list":{"0":"post-70089","1":"post","2":"type-post","3":"status-publish","4":"format-standard","5":"has-post-thumbnail","7":"category-policiales"},"amp_enabled":true,"_links":{"self":[{"href":"https:\/\/www.todoeldia.com\/index.php\/wp-json\/wp\/v2\/posts\/70089","targetHints":{"allow":["GET"]}}],"collection":[{"href":"https:\/\/www.todoeldia.com\/index.php\/wp-json\/wp\/v2\/posts"}],"about":[{"href":"https:\/\/www.todoeldia.com\/index.php\/wp-json\/wp\/v2\/types\/post"}],"author":[{"embeddable":true,"href":"https:\/\/www.todoeldia.com\/index.php\/wp-json\/wp\/v2\/users\/2"}],"replies":[{"embeddable":true,"href":"https:\/\/www.todoeldia.com\/index.php\/wp-json\/wp\/v2\/comments?post=70089"}],"version-history":[{"count":1,"href":"https:\/\/www.todoeldia.com\/index.php\/wp-json\/wp\/v2\/posts\/70089\/revisions"}],"predecessor-version":[{"id":70091,"href":"https:\/\/www.todoeldia.com\/index.php\/wp-json\/wp\/v2\/posts\/70089\/revisions\/70091"}],"wp:featuredmedia":[{"embeddable":true,"href":"https:\/\/www.todoeldia.com\/index.php\/wp-json\/wp\/v2\/media\/70090"}],"wp:attachment":[{"href":"https:\/\/www.todoeldia.com\/index.php\/wp-json\/wp\/v2\/media?parent=70089"}],"wp:term":[{"taxonomy":"category","embeddable":true,"href":"https:\/\/www.todoeldia.com\/index.php\/wp-json\/wp\/v2\/categories?post=70089"},{"taxonomy":"post_tag","embeddable":true,"href":"https:\/\/www.todoeldia.com\/index.php\/wp-json\/wp\/v2\/tags?post=70089"}],"curies":[{"name":"wp","href":"https:\/\/api.w.org\/{rel}","templated":true}]}}