{"id":70097,"date":"2023-12-21T11:24:04","date_gmt":"2023-12-21T14:24:04","guid":{"rendered":"https:\/\/www.todoeldia.com\/?p=70097"},"modified":"2023-12-21T11:24:05","modified_gmt":"2023-12-21T14:24:05","slug":"no-habra-mas-ley-de-alquileres-como-serian-los-contratos-y-que-espera-el-sector","status":"publish","type":"post","link":"https:\/\/www.todoeldia.com\/index.php\/2023\/12\/21\/no-habra-mas-ley-de-alquileres-como-serian-los-contratos-y-que-espera-el-sector\/","title":{"rendered":"No habr\u00e1 m\u00e1s Ley de Alquileres: c\u00f3mo ser\u00edan los contratos y qu\u00e9 espera el sector"},"content":{"rendered":"\n<p>Para aquellos inquilinos que ya tiene acuerdos vigentes, la normativa no es retroactiva. El mercado se regir\u00e1 por el C\u00f3digo Civil y Comercial. Adem\u00e1s, se libera la posibilidad de hacer los contratos en todo tipo de moneda.<\/p>\n\n\n\n<p>Dentro de las medidas anunciadas por el presidente Javier Milei en el paquete de leyes revelado durante su primera cadena nacional, se explicaron los alcances del controvertido Decreto de Necesidad y Urgencia (DNU). Este tiene la intenci\u00f3n de derogar alrededor de 300 leyes y modificar otras tantas para desregular la econom\u00eda y las relaciones de la sociedad civil. Entre estas modificaciones, sobresale la derogaci\u00f3n de la Ley de Alquileres, aprobada en junio de 2020 y recientemente reformada.<\/p>\n\n\n\n<p>Los cambios no afectar\u00e1n a los contratos que ya est\u00e1n en curso, los cuales suelen tener una duraci\u00f3n de tres a\u00f1os con actualizaci\u00f3n semestral.<\/p>\n\n\n\n<p>Los acuerdos habitacionales a largo plazo volver\u00edan a regirse por el C\u00f3digo Civil y Comercial de 2015. Esto significa que tendr\u00edan una duraci\u00f3n de dos a\u00f1os, con actualizaciones semestrales previamente pactadas entre el inquilino y el propietario (aunque tambi\u00e9n, las cuales quedar\u00edan establecidas en el contrato.<\/p>\n\n\n\n<p>Otro aspecto que llega con la derogaci\u00f3n de la ley anterior es que los contratos ya no se deben inscribir en la AFIP.<\/p>\n","protected":false},"excerpt":{"rendered":"<p>Para aquellos inquilinos que ya tiene acuerdos vigentes, la normativa no es retroactiva. El mercado se regir\u00e1 por el C\u00f3digo Civil y Comercial. Adem\u00e1s, se libera la posibilidad de hacer los contratos en todo tipo de moneda. Dentro de las medidas anunciadas por el presidente Javier Milei en el paquete de leyes revelado durante su [&hellip;]<\/p>\n","protected":false},"author":2,"featured_media":56197,"comment_status":"open","ping_status":"open","sticky":false,"template":"","format":"standard","meta":{"tdm_status":"","tdm_grid_status":"","_joinchat":[],"footnotes":""},"categories":[60],"tags":[],"class_list":{"0":"post-70097","1":"post","2":"type-post","3":"status-publish","4":"format-standard","5":"has-post-thumbnail","7":"category-economia"},"amp_enabled":true,"_links":{"self":[{"href":"https:\/\/www.todoeldia.com\/index.php\/wp-json\/wp\/v2\/posts\/70097","targetHints":{"allow":["GET"]}}],"collection":[{"href":"https:\/\/www.todoeldia.com\/index.php\/wp-json\/wp\/v2\/posts"}],"about":[{"href":"https:\/\/www.todoeldia.com\/index.php\/wp-json\/wp\/v2\/types\/post"}],"author":[{"embeddable":true,"href":"https:\/\/www.todoeldia.com\/index.php\/wp-json\/wp\/v2\/users\/2"}],"replies":[{"embeddable":true,"href":"https:\/\/www.todoeldia.com\/index.php\/wp-json\/wp\/v2\/comments?post=70097"}],"version-history":[{"count":1,"href":"https:\/\/www.todoeldia.com\/index.php\/wp-json\/wp\/v2\/posts\/70097\/revisions"}],"predecessor-version":[{"id":70098,"href":"https:\/\/www.todoeldia.com\/index.php\/wp-json\/wp\/v2\/posts\/70097\/revisions\/70098"}],"wp:featuredmedia":[{"embeddable":true,"href":"https:\/\/www.todoeldia.com\/index.php\/wp-json\/wp\/v2\/media\/56197"}],"wp:attachment":[{"href":"https:\/\/www.todoeldia.com\/index.php\/wp-json\/wp\/v2\/media?parent=70097"}],"wp:term":[{"taxonomy":"category","embeddable":true,"href":"https:\/\/www.todoeldia.com\/index.php\/wp-json\/wp\/v2\/categories?post=70097"},{"taxonomy":"post_tag","embeddable":true,"href":"https:\/\/www.todoeldia.com\/index.php\/wp-json\/wp\/v2\/tags?post=70097"}],"curies":[{"name":"wp","href":"https:\/\/api.w.org\/{rel}","templated":true}]}}