{"id":70102,"date":"2023-12-21T11:47:35","date_gmt":"2023-12-21T14:47:35","guid":{"rendered":"https:\/\/www.todoeldia.com\/?p=70102"},"modified":"2023-12-21T11:47:35","modified_gmt":"2023-12-21T14:47:35","slug":"milei-anticipo-que-lanzara-nuevas-medidas-y-critico-los-cacerolazos-contra-el-dnu","status":"publish","type":"post","link":"https:\/\/www.todoeldia.com\/index.php\/2023\/12\/21\/milei-anticipo-que-lanzara-nuevas-medidas-y-critico-los-cacerolazos-contra-el-dnu\/","title":{"rendered":"Milei anticip\u00f3 que lanzar\u00e1 nuevas medidas y critic\u00f3 los cacerolazos contra el DNU"},"content":{"rendered":"\n<p>El Presidente consider\u00f3 que quienes se manifestaron contra el decreto de desregulaci\u00f3n econ\u00f3mica tienen \u201cs\u00edndrome de Estocolmo\u201d.<\/p>\n\n\n\n<p>El presidente, Javier Milei, dijo tras el anuncio y publicaci\u00f3n del Decreto de Necesidad y Urgencia (DNU) de desregulaci\u00f3n econ\u00f3mica, que lanzar\u00e1 nuevas medidas y critic\u00f3 los cacerolazos: \u201cQuiz\u00e1s extra\u00f1an al modelo que los empobreci\u00f3\u201d.<\/p>\n\n\n\n<p>Milei adelant\u00f3: \u201cEn las filas propias estaban sorprendidos por el nivel de profundidad en la decisi\u00f3n, les aviso que hay m\u00e1s\u201d, y dijo que van a llamar a sesiones extraordinarias en el Congreso para tratar un paquete medidas que tienen que ver con el funcionamiento del Estado.<\/p>\n\n\n\n<p>El Presidente adem\u00e1s sali\u00f3 al cruce de quienes se manifestaron contra el alcance del DNU: \u201cPuede ser que haya gente que sufre el s\u00edndrome de Estocolmo, que est\u00e1n abrazados y enamorados del proyecto que los empobrece, que mira con nostalgia al comunismo tambi\u00e9n\u201d, en declaraciones a radio Rivadavia.<\/p>\n\n\n\n<p>Las frases m\u00e1s destacadas de Javier Milei<\/p>\n\n\n\n<p>\u201cEs una predolarizaci\u00f3n. Todo esto genera un shock de libertad\u201d.<\/p>\n\n\n\n<p>\u201c\u00bfNo hab\u00eda emergencia? Por favor, miren los n\u00fameros. La inflaci\u00f3n ven\u00eda viajando al 3.678%, eso es hiper. Si no hac\u00edamos una correcci\u00f3n monetaria para que el BCRA deje de emitir dinero la Argentina estaba sentada las bases para una hiperinflaci\u00f3n\u201d.<\/p>\n\n\n\n<p>\u201cLo que estamos haciendo es sincerar el nivel de desequilibrio macroecon\u00f3mico\u201d.<\/p>\n\n\n\n<p>\u201cTodos los ajustes cayeron sobre el total de la poblaci\u00f3n y es la primera vez que cae en un 60% en el Estado\u201d.<\/p>\n\n\n\n<p>\u201cA la persona de clase media le digo que se va a beneficiar con la baja de la inflaci\u00f3n, la mejora de la econom\u00eda y que va a tener un mejor trabajo y nivel de vida\u201d.<\/p>\n\n\n\n<p>\u201cEn ning\u00fan momento se perdi\u00f3 el control de la calle, avalo esto de que: \u2018El que las hace, las paga\u2019\u201d.<\/p>\n\n\n\n<p>\u201cEl balance fue extremadamente positivo, fue una acci\u00f3n conjunta entre el Ministerio de Seguridad y de Capital Humano. Hubo m\u00e1s denuncias que manifestantes. Poco m\u00e1s de diez mil denuncias frente a, con suerte, tres mil manifestantes\u201d.<\/p>\n\n\n\n<p>\u201cFui a votar en Boca sabiendo que iba a ganar Juan Rom\u00e1n Riquelme, sab\u00eda que me iba a mandar a escrachar, pero era una batalla cultural\u201d.<\/p>\n\n\n\n<p>\u201cNo vamos a coparticipar el impuesto al cheque, de ninguna manera\u201d.<\/p>\n\n\n\n<p>\u201cMe eligieron para hacer lo correcto, debo elegir las opciones que m\u00e1s favorecen al conjunto de los argentinos\u201d.<\/p>\n\n\n\n<p>\u201cEl DNU es un ca\u00f1onazo a la industria del juicio. No perjudica a ning\u00fan trabajador \u201c.<\/p>\n\n\n\n<p>\u201cEn el tema laboral, lo que principalmente se ataca en este momento es el tema de las multas, que es lo que hace que un despido sea extravagantemente caro\u201d.<\/p>\n\n\n\n<p>\u201cComo trabajador vas a estar mejor, porque cuando elimines la carga de litigiosidad, va a haber m\u00e1s empleo, es menos probable que te echen; y si te echan, es probable que encuentres trabajo m\u00e1s r\u00e1pido\u201d.<\/p>\n","protected":false},"excerpt":{"rendered":"<p>El Presidente consider\u00f3 que quienes se manifestaron contra el decreto de desregulaci\u00f3n econ\u00f3mica tienen \u201cs\u00edndrome de Estocolmo\u201d. El presidente, Javier Milei, dijo tras el anuncio y publicaci\u00f3n del Decreto de Necesidad y Urgencia (DNU) de desregulaci\u00f3n econ\u00f3mica, que lanzar\u00e1 nuevas medidas y critic\u00f3 los cacerolazos: \u201cQuiz\u00e1s extra\u00f1an al modelo que los empobreci\u00f3\u201d. Milei adelant\u00f3: \u201cEn [&hellip;]<\/p>\n","protected":false},"author":2,"featured_media":70103,"comment_status":"open","ping_status":"open","sticky":false,"template":"","format":"standard","meta":{"tdm_status":"","tdm_grid_status":"","_joinchat":[],"footnotes":""},"categories":[59],"tags":[],"class_list":{"0":"post-70102","1":"post","2":"type-post","3":"status-publish","4":"format-standard","5":"has-post-thumbnail","7":"category-politica"},"amp_enabled":true,"_links":{"self":[{"href":"https:\/\/www.todoeldia.com\/index.php\/wp-json\/wp\/v2\/posts\/70102","targetHints":{"allow":["GET"]}}],"collection":[{"href":"https:\/\/www.todoeldia.com\/index.php\/wp-json\/wp\/v2\/posts"}],"about":[{"href":"https:\/\/www.todoeldia.com\/index.php\/wp-json\/wp\/v2\/types\/post"}],"author":[{"embeddable":true,"href":"https:\/\/www.todoeldia.com\/index.php\/wp-json\/wp\/v2\/users\/2"}],"replies":[{"embeddable":true,"href":"https:\/\/www.todoeldia.com\/index.php\/wp-json\/wp\/v2\/comments?post=70102"}],"version-history":[{"count":1,"href":"https:\/\/www.todoeldia.com\/index.php\/wp-json\/wp\/v2\/posts\/70102\/revisions"}],"predecessor-version":[{"id":70104,"href":"https:\/\/www.todoeldia.com\/index.php\/wp-json\/wp\/v2\/posts\/70102\/revisions\/70104"}],"wp:featuredmedia":[{"embeddable":true,"href":"https:\/\/www.todoeldia.com\/index.php\/wp-json\/wp\/v2\/media\/70103"}],"wp:attachment":[{"href":"https:\/\/www.todoeldia.com\/index.php\/wp-json\/wp\/v2\/media?parent=70102"}],"wp:term":[{"taxonomy":"category","embeddable":true,"href":"https:\/\/www.todoeldia.com\/index.php\/wp-json\/wp\/v2\/categories?post=70102"},{"taxonomy":"post_tag","embeddable":true,"href":"https:\/\/www.todoeldia.com\/index.php\/wp-json\/wp\/v2\/tags?post=70102"}],"curies":[{"name":"wp","href":"https:\/\/api.w.org\/{rel}","templated":true}]}}