{"id":70105,"date":"2023-12-21T11:53:01","date_gmt":"2023-12-21T14:53:01","guid":{"rendered":"https:\/\/www.todoeldia.com\/?p=70105"},"modified":"2023-12-21T11:53:01","modified_gmt":"2023-12-21T14:53:01","slug":"marcos-galperin-te-mintieron-durante-80-anos-ayer-te-dijeron-la-verdad-en-10-minutos","status":"publish","type":"post","link":"https:\/\/www.todoeldia.com\/index.php\/2023\/12\/21\/marcos-galperin-te-mintieron-durante-80-anos-ayer-te-dijeron-la-verdad-en-10-minutos\/","title":{"rendered":"Marcos Galper\u00edn: \u201cTe mintieron durante 80 a\u00f1os, ayer te dijeron la verdad en 10 minutos\u201d,"},"content":{"rendered":"\n<p>Marcos Galper\u00edn, CEO y fundador de Mercado libre, volvi\u00f3 a respaldar p\u00fablicamente a Javier Milei a trav\u00e9s de su cuenta de X (ex Twitter). All\u00ed, apoy\u00f3 el mega DNU que lanz\u00f3 el Presidente a trav\u00e9s de la cadena nacional.<\/p>\n\n\n\n<p>\u201cTe mintieron durante 80 a\u00f1os, ayer te dijeron la verdad en 10 minutos\u201d, expres\u00f3 el empresario argentino, junto al link de YouTube que permite ver y escuchar el discurso de Milei.<\/p>\n\n\n\n<p>No es la primera vez que Galper\u00edn utiliza sus redes sociales para expresar su simpat\u00eda hacia el l\u00edder de La Libertad Avanza (LLA). El 10 de diciembre, luego de la asunci\u00f3n de Milei, indic\u00f3: \u201cMucha suerte para esta transformaci\u00f3n que necesita Argentina para volver al camino del trabajo, el progreso y la generaci\u00f3n de valor que nos permitan salir de la decadencia y la pobreza en la que nos hundi\u00f3 el populismo\u201d<\/p>\n\n\n\n<p>Luego complet\u00f3: \u201cOjal\u00e1 su presidencia nos devuelva muchas d\u00e9cadas de capitalismo, democracia, libertad y crecimiento\u201d.<\/p>\n","protected":false},"excerpt":{"rendered":"<p>Marcos Galper\u00edn, CEO y fundador de Mercado libre, volvi\u00f3 a respaldar p\u00fablicamente a Javier Milei a trav\u00e9s de su cuenta de X (ex Twitter). All\u00ed, apoy\u00f3 el mega DNU que lanz\u00f3 el Presidente a trav\u00e9s de la cadena nacional. \u201cTe mintieron durante 80 a\u00f1os, ayer te dijeron la verdad en 10 minutos\u201d, expres\u00f3 el empresario [&hellip;]<\/p>\n","protected":false},"author":2,"featured_media":70106,"comment_status":"open","ping_status":"open","sticky":false,"template":"","format":"standard","meta":{"tdm_status":"","tdm_grid_status":"","_joinchat":[],"footnotes":""},"categories":[60],"tags":[],"class_list":{"0":"post-70105","1":"post","2":"type-post","3":"status-publish","4":"format-standard","5":"has-post-thumbnail","7":"category-economia"},"amp_enabled":true,"_links":{"self":[{"href":"https:\/\/www.todoeldia.com\/index.php\/wp-json\/wp\/v2\/posts\/70105","targetHints":{"allow":["GET"]}}],"collection":[{"href":"https:\/\/www.todoeldia.com\/index.php\/wp-json\/wp\/v2\/posts"}],"about":[{"href":"https:\/\/www.todoeldia.com\/index.php\/wp-json\/wp\/v2\/types\/post"}],"author":[{"embeddable":true,"href":"https:\/\/www.todoeldia.com\/index.php\/wp-json\/wp\/v2\/users\/2"}],"replies":[{"embeddable":true,"href":"https:\/\/www.todoeldia.com\/index.php\/wp-json\/wp\/v2\/comments?post=70105"}],"version-history":[{"count":1,"href":"https:\/\/www.todoeldia.com\/index.php\/wp-json\/wp\/v2\/posts\/70105\/revisions"}],"predecessor-version":[{"id":70107,"href":"https:\/\/www.todoeldia.com\/index.php\/wp-json\/wp\/v2\/posts\/70105\/revisions\/70107"}],"wp:featuredmedia":[{"embeddable":true,"href":"https:\/\/www.todoeldia.com\/index.php\/wp-json\/wp\/v2\/media\/70106"}],"wp:attachment":[{"href":"https:\/\/www.todoeldia.com\/index.php\/wp-json\/wp\/v2\/media?parent=70105"}],"wp:term":[{"taxonomy":"category","embeddable":true,"href":"https:\/\/www.todoeldia.com\/index.php\/wp-json\/wp\/v2\/categories?post=70105"},{"taxonomy":"post_tag","embeddable":true,"href":"https:\/\/www.todoeldia.com\/index.php\/wp-json\/wp\/v2\/tags?post=70105"}],"curies":[{"name":"wp","href":"https:\/\/api.w.org\/{rel}","templated":true}]}}