{"id":70108,"date":"2023-12-21T11:59:07","date_gmt":"2023-12-21T14:59:07","guid":{"rendered":"https:\/\/www.todoeldia.com\/?p=70108"},"modified":"2023-12-21T11:59:28","modified_gmt":"2023-12-21T14:59:28","slug":"las-recetas-deberan-llevar-solo-el-nombre-generico-del-medicamento","status":"publish","type":"post","link":"https:\/\/www.todoeldia.com\/index.php\/2023\/12\/21\/las-recetas-deberan-llevar-solo-el-nombre-generico-del-medicamento\/","title":{"rendered":"Las recetas deber\u00e1n llevar solo el nombre gen\u00e9rico del medicamento"},"content":{"rendered":"\n<p>A trav\u00e9s del DNU 70, el Gobierno obliga a los m\u00e9dicos a incluir \u00fanicamente el nombre gen\u00e9rico de los f\u00e1rmacos en las recetas que prescribe.<\/p>\n\n\n\n<p>El decreto de necesidad y urgencia (DNU) que firm\u00f3 el presidente Javier Milei establece una modificaci\u00f3n clave acerca de la receta que los profesionales en medicina en la prescripci\u00f3n de medicamentos.<\/p>\n\n\n\n<p>De acuerdo con el documento publicado en el Bolet\u00edn Oficial, las recetas m\u00e9dicas deber\u00e1n incluir \u00fanicamente el nombre gen\u00e9rico de los medicamentos. As\u00ed, los profesionales de la salud ya no podr\u00e1n colocar una marca comercial dentro de la prescripci\u00f3n.<\/p>\n\n\n\n<figure class=\"wp-block-image size-full is-resized\"><img loading=\"lazy\" decoding=\"async\" width=\"799\" height=\"450\" src=\"https:\/\/www.todoeldia.com\/wp-content\/uploads\/2023\/12\/medicamentos-1.jpg\" alt=\"\" class=\"wp-image-70112\" style=\"width:1068px;height:auto\" srcset=\"https:\/\/www.todoeldia.com\/wp-content\/uploads\/2023\/12\/medicamentos-1.jpg 799w, https:\/\/www.todoeldia.com\/wp-content\/uploads\/2023\/12\/medicamentos-1-300x169.jpg 300w, https:\/\/www.todoeldia.com\/wp-content\/uploads\/2023\/12\/medicamentos-1-768x433.jpg 768w, https:\/\/www.todoeldia.com\/wp-content\/uploads\/2023\/12\/medicamentos-1-696x392.jpg 696w, https:\/\/www.todoeldia.com\/wp-content\/uploads\/2023\/12\/medicamentos-1-746x420.jpg 746w\" sizes=\"auto, (max-width: 799px) 100vw, 799px\" \/><\/figure>\n\n\n\n<p>De esta manera, la marca del remedio que el paciente requiera ser\u00e1 definido por el farmac\u00e9utico en el mostrador y no por el m\u00e9dico.<\/p>\n\n\n\n<p>A su vez, el DNU 70 indica que debe migrar a la receta electr\u00f3nica para lograr una mayor agilidad de la industria y minimizar costos. Y que, por ello, resulta necesario modificar la ley de medicamentos y recetas.<\/p>\n\n\n\n<p>Qu\u00e9 dice el DNU sobre la prescripci\u00f3n de medicamentos gen\u00e9ricos<\/p>\n\n\n\n<p>Seg\u00fan el DNU 70 firmado por Javier Milei con acuerdo general de ministros, el objetivo de recetar gen\u00e9ricos es \u201cdisminuir el costo de los medicamentos, facilitar su uso y acceso, as\u00ed como para lograr un mejor desarrollo de la actividad farmac\u00e9utica\u201d.<\/p>\n\n\n\n<p>De ahora, toda receta o prescripci\u00f3n m\u00e9dica deber\u00e1 contener \u201cexclusivamente el nombre gen\u00e9rico del medicamento o denominaci\u00f3n com\u00fan internacional que se indique, seguida de forma farmac\u00e9utica y dosis\/unidad, con detalle del grado de concentraci\u00f3n\u201d.<\/p>\n\n\n\n<p>\u201cEl farmac\u00e9utico, debidamente autorizado por la autoridad competente, es el \u00fanico responsable y capacitado para la debida dispensa de especialidades farmac\u00e9uticas que requieran recetas en cualquiera de sus modalidades\u201d, remarca el decreto.<\/p>\n","protected":false},"excerpt":{"rendered":"<p>A trav\u00e9s del DNU 70, el Gobierno obliga a los m\u00e9dicos a incluir \u00fanicamente el nombre gen\u00e9rico de los f\u00e1rmacos en las recetas que prescribe. El decreto de necesidad y urgencia (DNU) que firm\u00f3 el presidente Javier Milei establece una modificaci\u00f3n clave acerca de la receta que los profesionales en medicina en la prescripci\u00f3n de [&hellip;]<\/p>\n","protected":false},"author":2,"featured_media":70109,"comment_status":"open","ping_status":"open","sticky":false,"template":"","format":"standard","meta":{"tdm_status":"","tdm_grid_status":"","_joinchat":[],"footnotes":""},"categories":[60],"tags":[],"class_list":{"0":"post-70108","1":"post","2":"type-post","3":"status-publish","4":"format-standard","5":"has-post-thumbnail","7":"category-economia"},"amp_enabled":true,"_links":{"self":[{"href":"https:\/\/www.todoeldia.com\/index.php\/wp-json\/wp\/v2\/posts\/70108","targetHints":{"allow":["GET"]}}],"collection":[{"href":"https:\/\/www.todoeldia.com\/index.php\/wp-json\/wp\/v2\/posts"}],"about":[{"href":"https:\/\/www.todoeldia.com\/index.php\/wp-json\/wp\/v2\/types\/post"}],"author":[{"embeddable":true,"href":"https:\/\/www.todoeldia.com\/index.php\/wp-json\/wp\/v2\/users\/2"}],"replies":[{"embeddable":true,"href":"https:\/\/www.todoeldia.com\/index.php\/wp-json\/wp\/v2\/comments?post=70108"}],"version-history":[{"count":2,"href":"https:\/\/www.todoeldia.com\/index.php\/wp-json\/wp\/v2\/posts\/70108\/revisions"}],"predecessor-version":[{"id":70113,"href":"https:\/\/www.todoeldia.com\/index.php\/wp-json\/wp\/v2\/posts\/70108\/revisions\/70113"}],"wp:featuredmedia":[{"embeddable":true,"href":"https:\/\/www.todoeldia.com\/index.php\/wp-json\/wp\/v2\/media\/70109"}],"wp:attachment":[{"href":"https:\/\/www.todoeldia.com\/index.php\/wp-json\/wp\/v2\/media?parent=70108"}],"wp:term":[{"taxonomy":"category","embeddable":true,"href":"https:\/\/www.todoeldia.com\/index.php\/wp-json\/wp\/v2\/categories?post=70108"},{"taxonomy":"post_tag","embeddable":true,"href":"https:\/\/www.todoeldia.com\/index.php\/wp-json\/wp\/v2\/tags?post=70108"}],"curies":[{"name":"wp","href":"https:\/\/api.w.org\/{rel}","templated":true}]}}