{"id":70141,"date":"2023-12-21T15:38:34","date_gmt":"2023-12-21T18:38:34","guid":{"rendered":"https:\/\/www.todoeldia.com\/?p=70141"},"modified":"2023-12-21T15:38:35","modified_gmt":"2023-12-21T18:38:35","slug":"policia-de-salta-en-alerta-con-redes-sociales-por-la-convocatoria-a-saqueos-de-supermercados","status":"publish","type":"post","link":"https:\/\/www.todoeldia.com\/index.php\/2023\/12\/21\/policia-de-salta-en-alerta-con-redes-sociales-por-la-convocatoria-a-saqueos-de-supermercados\/","title":{"rendered":"Polic\u00eda de Salta en alerta con redes sociales por la convocatoria a saqueos de supermercados"},"content":{"rendered":"\n<p>Desde la Polic\u00eda est\u00e1n en alerta por las convocatorias por redes sociales a saquear supermercados en la provincia.<\/p>\n\n\n\n<p>A fines de noviembre el Ministerio de Seguridad y Justicia de la provincia de Salta present\u00f3 los operativos de Fin de A\u00f1o y Verano Seguro 2023-2024.<\/p>\n\n\n\n<p>En este contexto econ\u00f3mico, desde la Polic\u00eda les prestan atenci\u00f3n a las convocatorias en redes sociales, as\u00ed lo confirm\u00f3 el responsable de prensa de la Polic\u00eda provincial, Miguel Velardez, en Aries.<\/p>\n\n\n\n<p>En este sentido, se\u00f1al\u00f3 que, ayer mi\u00e9rcoles, enviaron recursos a una convocatoria, la cual result\u00f3 ser una falsa alarma.<\/p>\n\n\n\n<p>\u201cDesde que se implement\u00f3 el operativo Fin de A\u00f1o y Verano Seguro se ha multiplicado significativamente la cantidad de recursos que est\u00e1n en las zonas comerciales para llevar seguridad y tranquilidad a la gente que ejerce el comercio\u201d, resalt\u00f3.<\/p>\n\n\n\n<p>Con respecto al 24, 25, 30 y 31, Velardez explic\u00f3 que se redoblar\u00e1n los esfuerzos como todos los a\u00f1os-.<\/p>\n","protected":false},"excerpt":{"rendered":"<p>Desde la Polic\u00eda est\u00e1n en alerta por las convocatorias por redes sociales a saquear supermercados en la provincia. A fines de noviembre el Ministerio de Seguridad y Justicia de la provincia de Salta present\u00f3 los operativos de Fin de A\u00f1o y Verano Seguro 2023-2024. En este contexto econ\u00f3mico, desde la Polic\u00eda les prestan atenci\u00f3n a [&hellip;]<\/p>\n","protected":false},"author":2,"featured_media":63481,"comment_status":"open","ping_status":"open","sticky":false,"template":"","format":"standard","meta":{"tdm_status":"","tdm_grid_status":"","_joinchat":[],"footnotes":""},"categories":[63],"tags":[],"class_list":{"0":"post-70141","1":"post","2":"type-post","3":"status-publish","4":"format-standard","5":"has-post-thumbnail","7":"category-policiales"},"amp_enabled":true,"_links":{"self":[{"href":"https:\/\/www.todoeldia.com\/index.php\/wp-json\/wp\/v2\/posts\/70141","targetHints":{"allow":["GET"]}}],"collection":[{"href":"https:\/\/www.todoeldia.com\/index.php\/wp-json\/wp\/v2\/posts"}],"about":[{"href":"https:\/\/www.todoeldia.com\/index.php\/wp-json\/wp\/v2\/types\/post"}],"author":[{"embeddable":true,"href":"https:\/\/www.todoeldia.com\/index.php\/wp-json\/wp\/v2\/users\/2"}],"replies":[{"embeddable":true,"href":"https:\/\/www.todoeldia.com\/index.php\/wp-json\/wp\/v2\/comments?post=70141"}],"version-history":[{"count":1,"href":"https:\/\/www.todoeldia.com\/index.php\/wp-json\/wp\/v2\/posts\/70141\/revisions"}],"predecessor-version":[{"id":70142,"href":"https:\/\/www.todoeldia.com\/index.php\/wp-json\/wp\/v2\/posts\/70141\/revisions\/70142"}],"wp:featuredmedia":[{"embeddable":true,"href":"https:\/\/www.todoeldia.com\/index.php\/wp-json\/wp\/v2\/media\/63481"}],"wp:attachment":[{"href":"https:\/\/www.todoeldia.com\/index.php\/wp-json\/wp\/v2\/media?parent=70141"}],"wp:term":[{"taxonomy":"category","embeddable":true,"href":"https:\/\/www.todoeldia.com\/index.php\/wp-json\/wp\/v2\/categories?post=70141"},{"taxonomy":"post_tag","embeddable":true,"href":"https:\/\/www.todoeldia.com\/index.php\/wp-json\/wp\/v2\/tags?post=70141"}],"curies":[{"name":"wp","href":"https:\/\/api.w.org\/{rel}","templated":true}]}}