{"id":70147,"date":"2023-12-21T15:57:56","date_gmt":"2023-12-21T18:57:56","guid":{"rendered":"https:\/\/www.todoeldia.com\/?p=70147"},"modified":"2023-12-21T15:57:56","modified_gmt":"2023-12-21T18:57:56","slug":"dos-fotos-calcadas-para-anunciar-el-dnu-javier-milei-copio-la-puesta-en-escena-de-carlos-menem","status":"publish","type":"post","link":"https:\/\/www.todoeldia.com\/index.php\/2023\/12\/21\/dos-fotos-calcadas-para-anunciar-el-dnu-javier-milei-copio-la-puesta-en-escena-de-carlos-menem\/","title":{"rendered":"Dos fotos calcadas: para anunciar el DNU, Javier Milei copi\u00f3 la puesta en escena de Carlos Menem"},"content":{"rendered":"\n<p>El sobrino del expresidente, Mart\u00edn Menem, comparti\u00f3 en su cuenta de Instagram la comparaci\u00f3n entre las dos cadenas nacionales.<\/p>\n\n\n\n<p>Javier Milei apareci\u00f3 acompa\u00f1ado de su gabinete en la cadena nacional en la que anunci\u00f3 la firma del DNU de desregulaci\u00f3n de la econom\u00eda. La disposici\u00f3n del Presidente y algunos de sus ministros -algunos sentados y otros de pie- llam\u00f3 la atenci\u00f3n. M\u00e1s tarde, circul\u00f3 una imagen similar: Carlos Menem con su gabinete en el a\u00f1o 1991.<\/p>\n\n\n\n<figure class=\"wp-block-image size-large\"><img loading=\"lazy\" decoding=\"async\" width=\"1024\" height=\"644\" src=\"https:\/\/www.todoeldia.com\/wp-content\/uploads\/2023\/12\/image-159-1024x644.png\" alt=\"\" class=\"wp-image-70149\" srcset=\"https:\/\/www.todoeldia.com\/wp-content\/uploads\/2023\/12\/image-159-1024x644.png 1024w, https:\/\/www.todoeldia.com\/wp-content\/uploads\/2023\/12\/image-159-300x189.png 300w, https:\/\/www.todoeldia.com\/wp-content\/uploads\/2023\/12\/image-159-768x483.png 768w, https:\/\/www.todoeldia.com\/wp-content\/uploads\/2023\/12\/image-159-696x437.png 696w, https:\/\/www.todoeldia.com\/wp-content\/uploads\/2023\/12\/image-159-1068x671.png 1068w, https:\/\/www.todoeldia.com\/wp-content\/uploads\/2023\/12\/image-159-668x420.png 668w, https:\/\/www.todoeldia.com\/wp-content\/uploads\/2023\/12\/image-159.png 1440w\" sizes=\"auto, (max-width: 1024px) 100vw, 1024px\" \/><\/figure>\n\n\n\n<p>El encargado de comparar ambas escenas y difundirlo en redes fue el sobrino del expresidente, Mart\u00edn Menem, actual presidente de la C\u00e1mara de Diputados. \u201cComienza la reconstrucci\u00f3n de la Argentina\u201d, fue la frase con la que acompa\u00f1\u00f3 el posteo.<\/p>\n\n\n\n<p><\/p>\n","protected":false},"excerpt":{"rendered":"<p>El sobrino del expresidente, Mart\u00edn Menem, comparti\u00f3 en su cuenta de Instagram la comparaci\u00f3n entre las dos cadenas nacionales. Javier Milei apareci\u00f3 acompa\u00f1ado de su gabinete en la cadena nacional en la que anunci\u00f3 la firma del DNU de desregulaci\u00f3n de la econom\u00eda. La disposici\u00f3n del Presidente y algunos de sus ministros -algunos sentados y [&hellip;]<\/p>\n","protected":false},"author":2,"featured_media":70148,"comment_status":"open","ping_status":"open","sticky":false,"template":"","format":"standard","meta":{"tdm_status":"","tdm_grid_status":"","_joinchat":[],"footnotes":""},"categories":[59],"tags":[],"class_list":{"0":"post-70147","1":"post","2":"type-post","3":"status-publish","4":"format-standard","5":"has-post-thumbnail","7":"category-politica"},"amp_enabled":true,"_links":{"self":[{"href":"https:\/\/www.todoeldia.com\/index.php\/wp-json\/wp\/v2\/posts\/70147","targetHints":{"allow":["GET"]}}],"collection":[{"href":"https:\/\/www.todoeldia.com\/index.php\/wp-json\/wp\/v2\/posts"}],"about":[{"href":"https:\/\/www.todoeldia.com\/index.php\/wp-json\/wp\/v2\/types\/post"}],"author":[{"embeddable":true,"href":"https:\/\/www.todoeldia.com\/index.php\/wp-json\/wp\/v2\/users\/2"}],"replies":[{"embeddable":true,"href":"https:\/\/www.todoeldia.com\/index.php\/wp-json\/wp\/v2\/comments?post=70147"}],"version-history":[{"count":1,"href":"https:\/\/www.todoeldia.com\/index.php\/wp-json\/wp\/v2\/posts\/70147\/revisions"}],"predecessor-version":[{"id":70150,"href":"https:\/\/www.todoeldia.com\/index.php\/wp-json\/wp\/v2\/posts\/70147\/revisions\/70150"}],"wp:featuredmedia":[{"embeddable":true,"href":"https:\/\/www.todoeldia.com\/index.php\/wp-json\/wp\/v2\/media\/70148"}],"wp:attachment":[{"href":"https:\/\/www.todoeldia.com\/index.php\/wp-json\/wp\/v2\/media?parent=70147"}],"wp:term":[{"taxonomy":"category","embeddable":true,"href":"https:\/\/www.todoeldia.com\/index.php\/wp-json\/wp\/v2\/categories?post=70147"},{"taxonomy":"post_tag","embeddable":true,"href":"https:\/\/www.todoeldia.com\/index.php\/wp-json\/wp\/v2\/tags?post=70147"}],"curies":[{"name":"wp","href":"https:\/\/api.w.org\/{rel}","templated":true}]}}