{"id":70151,"date":"2023-12-21T18:58:34","date_gmt":"2023-12-21T21:58:34","guid":{"rendered":"https:\/\/www.todoeldia.com\/?p=70151"},"modified":"2023-12-21T18:58:34","modified_gmt":"2023-12-21T21:58:34","slug":"parte-de-la-oposicion-rechaza-el-dnu-de-milei-y-esta-cerca-de-alcanzar-los-votos-para-anularlo","status":"publish","type":"post","link":"https:\/\/www.todoeldia.com\/index.php\/2023\/12\/21\/parte-de-la-oposicion-rechaza-el-dnu-de-milei-y-esta-cerca-de-alcanzar-los-votos-para-anularlo\/","title":{"rendered":"Parte de la oposici\u00f3n rechaza el DNU de Milei y est\u00e1 cerca de alcanzar los votos para anularlo"},"content":{"rendered":"\n<p>Se necesita alcanzar la mayor\u00eda simple en ambas C\u00e1maras. El radicalismo, la Coalici\u00f3n C\u00edvica, Cambio Federal y partidos provinciales reclaman que el Poder Ejecutivo no asuma facultades legislativas, pero no descartan apoyar las medidas si son debidamente tratadas.<\/p>\n\n\n\n<p>El mega decreto de desregulaci\u00f3n econ\u00f3mica y laboral de Javier Milei enfrenta un panorama incierto en el Congreso de la Naci\u00f3n. Al rechazo inmediato del peronismo, la Coalici\u00f3n C\u00edvica y la izquierda, luego se sumaron voces cr\u00edticas del radicalismo y los partidos provinciales, que si bien aclararon que comparten algunos de los objetivos de fondo, rechazan la forma en que decidi\u00f3 avanzar el gobierno libertario.<\/p>\n\n\n\n<p>A trav\u00e9s de un comunicado, la Mesa Nacional de la UCR le pidi\u00f3 hoy a Milei que convoque a sesiones extraordinarias del Congreso para poder tratar cada iniciativa por separado. \u201cPor la v\u00eda del DNU resulta imposible hacer este trabajo, porque solo se puede aprobar o rechazar en su totalidad. Y en el contenido hay cuestiones positivas, pero tambi\u00e9n otras muy preocupantes\u201d, se\u00f1alaron desde el partido que eligi\u00f3 como presidente a Mart\u00edn Lousteau.<\/p>\n\n\n\n<p>Por su parte, Maximiliano Ferraro, presidente de la Coalici\u00f3n C\u00edvica, tambi\u00e9n manifest\u00f3 su desacuerdo con la v\u00eda elegida por Milei. \u201cEl momento hist\u00f3rico, de cambios y de emergencia no da licencia para el vale todo y un pragmatismo desmedido\u201d, plante\u00f3. Aunque reconoci\u00f3 que \u201calgunos de esos cambios\u201d podr\u00edan acompa\u00f1arlos si se trataran en el Congreso como corresponde.<\/p>\n\n\n\n<p>En la misma l\u00ednea, Miguel \u00c1ngel Pichetto, flamante presidente del bloque Cambio Federal lament\u00f3 que el Presidente gobierne \u201ccontra al Congreso\u201d. \u201cMuchas de las reformas planteadas deben ser tratadas por Ley, y seguramente muchas podr\u00edan tener su aprobaci\u00f3n\u201d, aclar\u00f3, dejando en claro que sus objeciones tambi\u00e9n se centran en las formas y no en el fondo de las medidas.<\/p>\n","protected":false},"excerpt":{"rendered":"<p>Se necesita alcanzar la mayor\u00eda simple en ambas C\u00e1maras. El radicalismo, la Coalici\u00f3n C\u00edvica, Cambio Federal y partidos provinciales reclaman que el Poder Ejecutivo no asuma facultades legislativas, pero no descartan apoyar las medidas si son debidamente tratadas. El mega decreto de desregulaci\u00f3n econ\u00f3mica y laboral de Javier Milei enfrenta un panorama incierto en el [&hellip;]<\/p>\n","protected":false},"author":2,"featured_media":70152,"comment_status":"open","ping_status":"open","sticky":false,"template":"","format":"standard","meta":{"tdm_status":"","tdm_grid_status":"","_joinchat":[],"footnotes":""},"categories":[60],"tags":[],"class_list":{"0":"post-70151","1":"post","2":"type-post","3":"status-publish","4":"format-standard","5":"has-post-thumbnail","7":"category-economia"},"amp_enabled":true,"_links":{"self":[{"href":"https:\/\/www.todoeldia.com\/index.php\/wp-json\/wp\/v2\/posts\/70151","targetHints":{"allow":["GET"]}}],"collection":[{"href":"https:\/\/www.todoeldia.com\/index.php\/wp-json\/wp\/v2\/posts"}],"about":[{"href":"https:\/\/www.todoeldia.com\/index.php\/wp-json\/wp\/v2\/types\/post"}],"author":[{"embeddable":true,"href":"https:\/\/www.todoeldia.com\/index.php\/wp-json\/wp\/v2\/users\/2"}],"replies":[{"embeddable":true,"href":"https:\/\/www.todoeldia.com\/index.php\/wp-json\/wp\/v2\/comments?post=70151"}],"version-history":[{"count":1,"href":"https:\/\/www.todoeldia.com\/index.php\/wp-json\/wp\/v2\/posts\/70151\/revisions"}],"predecessor-version":[{"id":70153,"href":"https:\/\/www.todoeldia.com\/index.php\/wp-json\/wp\/v2\/posts\/70151\/revisions\/70153"}],"wp:featuredmedia":[{"embeddable":true,"href":"https:\/\/www.todoeldia.com\/index.php\/wp-json\/wp\/v2\/media\/70152"}],"wp:attachment":[{"href":"https:\/\/www.todoeldia.com\/index.php\/wp-json\/wp\/v2\/media?parent=70151"}],"wp:term":[{"taxonomy":"category","embeddable":true,"href":"https:\/\/www.todoeldia.com\/index.php\/wp-json\/wp\/v2\/categories?post=70151"},{"taxonomy":"post_tag","embeddable":true,"href":"https:\/\/www.todoeldia.com\/index.php\/wp-json\/wp\/v2\/tags?post=70151"}],"curies":[{"name":"wp","href":"https:\/\/api.w.org\/{rel}","templated":true}]}}