{"id":70154,"date":"2023-12-21T19:01:40","date_gmt":"2023-12-21T22:01:40","guid":{"rendered":"https:\/\/www.todoeldia.com\/?p=70154"},"modified":"2023-12-21T19:01:40","modified_gmt":"2023-12-21T22:01:40","slug":"juicio-por-la-expropiacion-de-ypf-en-20-dias-podrian-empezar-los-embargos","status":"publish","type":"post","link":"https:\/\/www.todoeldia.com\/index.php\/2023\/12\/21\/juicio-por-la-expropiacion-de-ypf-en-20-dias-podrian-empezar-los-embargos\/","title":{"rendered":"Juicio por la expropiaci\u00f3n de YPF: en 20 d\u00edas podr\u00edan empezar los embargos"},"content":{"rendered":"\n<p>El Estado local hab\u00eda pedido una pr\u00f3rroga de 30 d\u00edas para presentar avales, pero fue denegada. Los escenarios en una demanda en la que el pa\u00eds ya fue condenado a pagar USD 16.000 millones<\/p>\n\n\n\n<p>Si bien es una causa que se tramita hace ocho a\u00f1os, y la presente es la cuarta administraci\u00f3n que la atraviesa, podr\u00eda decirse que la decisi\u00f3n de hoy de la jueza Loretta Preska a cargo de una corte del Distrito sur de Manhattan, es el primer rev\u00e9s del Gobierno de Javier Milei en la causa por la expropiaci\u00f3n de YPF.<\/p>\n\n\n\n<p>Se trata de un juicio multimillonario en el que el Estado argentino ya fue condenado a pagar USD 16.000 millones por haberse quedado de manera indebida con la mayor\u00eda accionaria de la petrolera en 2012, cuando Cristina Kirchner era presidenta.<\/p>\n\n\n\n<p>Esta tarde, Preska determin\u00f3 que no le otorgar\u00e1 al pa\u00eds una pr\u00f3rroga de 30 d\u00edas que hab\u00eda solicitado para presentar avales. As\u00ed, si el pr\u00f3ximo 10 de enero, en 20 d\u00edas corridos, si no se presentan avales por el total del monto en cuesti\u00f3n, el demandante del juicio podr\u00eda comenzar a pedir embargos contra el Estado.<\/p>\n","protected":false},"excerpt":{"rendered":"<p>El Estado local hab\u00eda pedido una pr\u00f3rroga de 30 d\u00edas para presentar avales, pero fue denegada. Los escenarios en una demanda en la que el pa\u00eds ya fue condenado a pagar USD 16.000 millones Si bien es una causa que se tramita hace ocho a\u00f1os, y la presente es la cuarta administraci\u00f3n que la atraviesa, [&hellip;]<\/p>\n","protected":false},"author":2,"featured_media":47304,"comment_status":"open","ping_status":"open","sticky":false,"template":"","format":"standard","meta":{"tdm_status":"","tdm_grid_status":"","_joinchat":[],"footnotes":""},"categories":[60],"tags":[],"class_list":{"0":"post-70154","1":"post","2":"type-post","3":"status-publish","4":"format-standard","5":"has-post-thumbnail","7":"category-economia"},"amp_enabled":true,"_links":{"self":[{"href":"https:\/\/www.todoeldia.com\/index.php\/wp-json\/wp\/v2\/posts\/70154","targetHints":{"allow":["GET"]}}],"collection":[{"href":"https:\/\/www.todoeldia.com\/index.php\/wp-json\/wp\/v2\/posts"}],"about":[{"href":"https:\/\/www.todoeldia.com\/index.php\/wp-json\/wp\/v2\/types\/post"}],"author":[{"embeddable":true,"href":"https:\/\/www.todoeldia.com\/index.php\/wp-json\/wp\/v2\/users\/2"}],"replies":[{"embeddable":true,"href":"https:\/\/www.todoeldia.com\/index.php\/wp-json\/wp\/v2\/comments?post=70154"}],"version-history":[{"count":1,"href":"https:\/\/www.todoeldia.com\/index.php\/wp-json\/wp\/v2\/posts\/70154\/revisions"}],"predecessor-version":[{"id":70155,"href":"https:\/\/www.todoeldia.com\/index.php\/wp-json\/wp\/v2\/posts\/70154\/revisions\/70155"}],"wp:featuredmedia":[{"embeddable":true,"href":"https:\/\/www.todoeldia.com\/index.php\/wp-json\/wp\/v2\/media\/47304"}],"wp:attachment":[{"href":"https:\/\/www.todoeldia.com\/index.php\/wp-json\/wp\/v2\/media?parent=70154"}],"wp:term":[{"taxonomy":"category","embeddable":true,"href":"https:\/\/www.todoeldia.com\/index.php\/wp-json\/wp\/v2\/categories?post=70154"},{"taxonomy":"post_tag","embeddable":true,"href":"https:\/\/www.todoeldia.com\/index.php\/wp-json\/wp\/v2\/tags?post=70154"}],"curies":[{"name":"wp","href":"https:\/\/api.w.org\/{rel}","templated":true}]}}