{"id":70161,"date":"2023-12-22T00:03:21","date_gmt":"2023-12-22T03:03:21","guid":{"rendered":"https:\/\/www.todoeldia.com\/?p=70161"},"modified":"2023-12-22T00:03:21","modified_gmt":"2023-12-22T03:03:21","slug":"el-cacerolazo-en-cordoba-finalizo-con-enfrentamientos-hubo-detenidos-y-heridos","status":"publish","type":"post","link":"https:\/\/www.todoeldia.com\/index.php\/2023\/12\/22\/el-cacerolazo-en-cordoba-finalizo-con-enfrentamientos-hubo-detenidos-y-heridos\/","title":{"rendered":"El Cacerolazo en C\u00f3rdoba finaliz\u00f3 con enfrentamientos: hubo detenidos y heridos"},"content":{"rendered":"\n<p>La concentraci\u00f3n se dio en inmediaciones del Patio Olmos. La expresi\u00f3n se replic\u00f3 en otras provincias. Hubo al menos cinco detenidos y personas heridas.<\/p>\n\n\n\n<p>Las repercusiones tras el anuncio del mega-DNU, oficializado por el presidente Javier Milei y sus ministros este jueves, no tardaron en llegar. Con protestas y manifestaciones que tuvieron foco en el Amba y la ciudad de Buenos Aires el mi\u00e9rcoles, d\u00eda en que fue anunciado el Decreto de Necesidad y Urgencia por Cadena Nacional, este jueves las expresiones se replicaron en C\u00f3rdoba.<\/p>\n\n\n\n<figure class=\"wp-block-image size-full\"><img loading=\"lazy\" decoding=\"async\" width=\"1023\" height=\"682\" src=\"https:\/\/www.todoeldia.com\/wp-content\/uploads\/2023\/12\/image-160.png\" alt=\"\" class=\"wp-image-70163\" srcset=\"https:\/\/www.todoeldia.com\/wp-content\/uploads\/2023\/12\/image-160.png 1023w, https:\/\/www.todoeldia.com\/wp-content\/uploads\/2023\/12\/image-160-300x200.png 300w, https:\/\/www.todoeldia.com\/wp-content\/uploads\/2023\/12\/image-160-768x512.png 768w, https:\/\/www.todoeldia.com\/wp-content\/uploads\/2023\/12\/image-160-696x464.png 696w, https:\/\/www.todoeldia.com\/wp-content\/uploads\/2023\/12\/image-160-630x420.png 630w\" sizes=\"auto, (max-width: 1023px) 100vw, 1023px\" \/><\/figure>\n\n\n\n<p>La concentraci\u00f3n se dio en la zona del Patio Olmos en la ciudad de C\u00f3rdoba, en horas de la tarde. All\u00ed, vecinos autoconvocados se hicieron presentes para realizar un \u201ccacerolazo\u201d en contra del DNU que implementa un paquete de medidas econ\u00f3micas que apuntan a la desregulaci\u00f3n y tocan distintos puntos como la ley de alquileres, la de fuego y cambios en la legislaci\u00f3n laboral.<\/p>\n\n\n\n<p>Las repercusiones tras el anuncio del mega-DNU, oficializado por el presidente Javier Milei y sus ministros este jueves, no tardaron en llegar. Con protestas y manifestaciones que tuvieron foco en el Amba y la ciudad de Buenos Aires el mi\u00e9rcoles, d\u00eda en que fue anunciado el Decreto de Necesidad y Urgencia por Cadena Nacional, este jueves las expresiones se replicaron en C\u00f3rdoba.<\/p>\n\n\n\n<p>Con ese contexto, los manifestantes fueron concurriendo al punto c\u00e9ntrico de la Capital. Si bien en un principio la manifestaci\u00f3n no tom\u00f3 mayor dimensi\u00f3n, con el correr de la tarde y ya entrada la noche fueron llegando m\u00e1s personas hasta abarcar toda la explanada del centro comercial hasta la avenida V\u00e9lez Sarsfield.<\/p>\n\n\n\n<figure class=\"wp-block-image size-full\"><img loading=\"lazy\" decoding=\"async\" width=\"980\" height=\"640\" src=\"https:\/\/www.todoeldia.com\/wp-content\/uploads\/2023\/12\/image-161.png\" alt=\"\" class=\"wp-image-70164\" srcset=\"https:\/\/www.todoeldia.com\/wp-content\/uploads\/2023\/12\/image-161.png 980w, https:\/\/www.todoeldia.com\/wp-content\/uploads\/2023\/12\/image-161-300x196.png 300w, https:\/\/www.todoeldia.com\/wp-content\/uploads\/2023\/12\/image-161-768x502.png 768w, https:\/\/www.todoeldia.com\/wp-content\/uploads\/2023\/12\/image-161-696x455.png 696w, https:\/\/www.todoeldia.com\/wp-content\/uploads\/2023\/12\/image-161-643x420.png 643w\" sizes=\"auto, (max-width: 980px) 100vw, 980px\" \/><\/figure>\n\n\n\n<p>En determinado momento de la noche, aproximadamente a las 22, la presencia policial increment\u00f3 en la zona debido a la gran concurrencia de manifestantes. Luego, se produjeron enfrentamientos entre ambos.<\/p>\n\n\n\n<p>Con cordones de agentes, los uniformados se colocaron de frente a las personas para intentar contener la marcha y permitir nuevamente la circulaci\u00f3n en la zona. Agentes de Infanter\u00eda tambi\u00e9n se presentaron en el lugar.<\/p>\n\n\n\n<p>La tensi\u00f3n fue en aumento. Varios de los presentes, con el grito de \u201c\u00a1Fuera, yuta, fuera!\u201d, comenzaron a arrojarle objetos a los efectivos. En tanto, los oficiales lanzaron gas lacrim\u00f3geno en la zona.<\/p>\n\n\n\n<p>Al menos cinco personas fueron detenidas por los efectivos, tras los incidentes.<\/p>\n\n\n\n<p>Con cordones de agentes, los uniformados se colocaron de frente a las personas para intentar contener la marcha y permitir nuevamente la circulaci\u00f3n en la zona. Agentes de Infanter\u00eda tambi\u00e9n se presentaron en el lugar.<\/p>\n\n\n\n<p>La tensi\u00f3n fue en aumento. Varios de los presentes, con el grito de \u201c\u00a1Fuera, yuta, fuera!\u201d, comenzaron a arrojarle objetos a los efectivos. En tanto, los oficiales lanzaron gas lacrim\u00f3geno en la zona.<\/p>\n\n\n\n<p>Al menos cinco personas fueron detenidas por los efectivos, tras los incidentes.<\/p>\n\n\n\n<p>Minutos antes de las 23 se normaliz\u00f3 la circulaci\u00f3n en la avenida V\u00e9lez Sarsfield, aunque varios vecinos permanecieron presentes en la vereda de igual manera.<\/p>\n\n\n\n<p>El fiscal Ernesto de Arag\u00f3n, a cargo de las actuaciones tras el \u201ccacerolazo\u201d en la Ciudad, confirm\u00f3 la detenci\u00f3n de cinco personas.<\/p>\n\n\n\n<p>\u201cHubo aproximadamente 600 manifestantes en el marco de estas manifestaciones que se dieron en todo el pa\u00eds. Ocuparon toda la calzada impidiendo la circulaci\u00f3n del tr\u00e1nsito\u201d, explic\u00f3.<\/p>\n\n\n\n<p>En esa l\u00ednea, el funcionario indic\u00f3 que hubo un \u201cdi\u00e1logo\u201d por parte de los agentes para intentar \u201cdespejar media calzada\u201d. Fue en ese momento que se produjeron los enfrentamientos.<\/p>\n\n\n\n<p>\u201cSe dio la orden de habilitar media calzada y respondieron con piedras y botellazos\u201d, sostuvo De Arag\u00f3n.<\/p>\n","protected":false},"excerpt":{"rendered":"<p>La concentraci\u00f3n se dio en inmediaciones del Patio Olmos. La expresi\u00f3n se replic\u00f3 en otras provincias. Hubo al menos cinco detenidos y personas heridas. Las repercusiones tras el anuncio del mega-DNU, oficializado por el presidente Javier Milei y sus ministros este jueves, no tardaron en llegar. Con protestas y manifestaciones que tuvieron foco en el [&hellip;]<\/p>\n","protected":false},"author":2,"featured_media":70162,"comment_status":"open","ping_status":"open","sticky":false,"template":"","format":"standard","meta":{"tdm_status":"","tdm_grid_status":"","_joinchat":[],"footnotes":""},"categories":[59],"tags":[],"class_list":{"0":"post-70161","1":"post","2":"type-post","3":"status-publish","4":"format-standard","5":"has-post-thumbnail","7":"category-politica"},"amp_enabled":true,"_links":{"self":[{"href":"https:\/\/www.todoeldia.com\/index.php\/wp-json\/wp\/v2\/posts\/70161","targetHints":{"allow":["GET"]}}],"collection":[{"href":"https:\/\/www.todoeldia.com\/index.php\/wp-json\/wp\/v2\/posts"}],"about":[{"href":"https:\/\/www.todoeldia.com\/index.php\/wp-json\/wp\/v2\/types\/post"}],"author":[{"embeddable":true,"href":"https:\/\/www.todoeldia.com\/index.php\/wp-json\/wp\/v2\/users\/2"}],"replies":[{"embeddable":true,"href":"https:\/\/www.todoeldia.com\/index.php\/wp-json\/wp\/v2\/comments?post=70161"}],"version-history":[{"count":1,"href":"https:\/\/www.todoeldia.com\/index.php\/wp-json\/wp\/v2\/posts\/70161\/revisions"}],"predecessor-version":[{"id":70165,"href":"https:\/\/www.todoeldia.com\/index.php\/wp-json\/wp\/v2\/posts\/70161\/revisions\/70165"}],"wp:featuredmedia":[{"embeddable":true,"href":"https:\/\/www.todoeldia.com\/index.php\/wp-json\/wp\/v2\/media\/70162"}],"wp:attachment":[{"href":"https:\/\/www.todoeldia.com\/index.php\/wp-json\/wp\/v2\/media?parent=70161"}],"wp:term":[{"taxonomy":"category","embeddable":true,"href":"https:\/\/www.todoeldia.com\/index.php\/wp-json\/wp\/v2\/categories?post=70161"},{"taxonomy":"post_tag","embeddable":true,"href":"https:\/\/www.todoeldia.com\/index.php\/wp-json\/wp\/v2\/tags?post=70161"}],"curies":[{"name":"wp","href":"https:\/\/api.w.org\/{rel}","templated":true}]}}