{"id":70171,"date":"2023-12-22T11:00:20","date_gmt":"2023-12-22T14:00:20","guid":{"rendered":"https:\/\/www.todoeldia.com\/?p=70171"},"modified":"2023-12-22T11:00:20","modified_gmt":"2023-12-22T14:00:20","slug":"finquero-en-santa-victoria-este-explotaba-a-17-trabajadores","status":"publish","type":"post","link":"https:\/\/www.todoeldia.com\/index.php\/2023\/12\/22\/finquero-en-santa-victoria-este-explotaba-a-17-trabajadores\/","title":{"rendered":"Finquero en Santa Victoria Este explotaba a 17 trabajadores"},"content":{"rendered":"\n<p>La Divisi\u00f3n Prevenci\u00f3n y Lucha contra la Trata de Personas tom\u00f3 intervenci\u00f3n junto a otros organismos tras una denuncia a la l\u00ednea 145 sobre un caso de explotaci\u00f3n laboral en una finca de ruta provincial N\u00b0 54 de Santa Victoria Este. Luego de constatar las condiciones de vulnerabilidad, rescataron y asistieron a 17 trabajadores informales.<\/p>\n\n\n\n<p>La intervenci\u00f3n se hizo en forma conjunta entre la Divisi\u00f3n Prevenci\u00f3n y Lucha contra la Trata de Personas de Polic\u00eda de Salta, Gendarmer\u00eda Nacional, AFIP y otros organismos.<\/p>\n\n\n\n<figure class=\"wp-block-image size-full\"><img loading=\"lazy\" decoding=\"async\" width=\"1024\" height=\"769\" src=\"https:\/\/www.todoeldia.com\/wp-content\/uploads\/2023\/12\/image-162.png\" alt=\"\" class=\"wp-image-70173\" srcset=\"https:\/\/www.todoeldia.com\/wp-content\/uploads\/2023\/12\/image-162.png 1024w, https:\/\/www.todoeldia.com\/wp-content\/uploads\/2023\/12\/image-162-300x225.png 300w, https:\/\/www.todoeldia.com\/wp-content\/uploads\/2023\/12\/image-162-768x577.png 768w, https:\/\/www.todoeldia.com\/wp-content\/uploads\/2023\/12\/image-162-696x523.png 696w, https:\/\/www.todoeldia.com\/wp-content\/uploads\/2023\/12\/image-162-559x420.png 559w, https:\/\/www.todoeldia.com\/wp-content\/uploads\/2023\/12\/image-162-80x60.png 80w, https:\/\/www.todoeldia.com\/wp-content\/uploads\/2023\/12\/image-162-265x198.png 265w\" sizes=\"auto, (max-width: 1024px) 100vw, 1024px\" \/><\/figure>\n\n\n\n<p>Las v\u00edctimas se encontraban realizando servicios de desmalezado desde hace tres meses en un campo, en una situaci\u00f3n de vulnerabilidad ya que, no contaban con acceso a ning\u00fan servicio b\u00e1sico tal como suministro de agua potable, vivienda digna, entre otros.<\/p>\n\n\n\n<figure class=\"wp-block-image size-full\"><img loading=\"lazy\" decoding=\"async\" width=\"1024\" height=\"769\" src=\"https:\/\/www.todoeldia.com\/wp-content\/uploads\/2023\/12\/image-163.png\" alt=\"\" class=\"wp-image-70174\" srcset=\"https:\/\/www.todoeldia.com\/wp-content\/uploads\/2023\/12\/image-163.png 1024w, https:\/\/www.todoeldia.com\/wp-content\/uploads\/2023\/12\/image-163-300x225.png 300w, https:\/\/www.todoeldia.com\/wp-content\/uploads\/2023\/12\/image-163-768x577.png 768w, https:\/\/www.todoeldia.com\/wp-content\/uploads\/2023\/12\/image-163-696x523.png 696w, https:\/\/www.todoeldia.com\/wp-content\/uploads\/2023\/12\/image-163-559x420.png 559w, https:\/\/www.todoeldia.com\/wp-content\/uploads\/2023\/12\/image-163-80x60.png 80w, https:\/\/www.todoeldia.com\/wp-content\/uploads\/2023\/12\/image-163-265x198.png 265w\" sizes=\"auto, (max-width: 1024px) 100vw, 1024px\" \/><\/figure>\n\n\n\n<p>Tras constatar las condiciones infrahumanas en las que se encontraban los trabajadores, con intervenci\u00f3n de la Fiscal\u00eda Federal de Tartagal, las personas fueron rescatadas y asistidas mediante el protocolo de asistencia y contenci\u00f3n a las v\u00edctimas de trata de personas.<\/p>\n\n\n\n<p>Adem\u00e1s, como resultado de la tarea de campo, secuestraron importantes elementos de inter\u00e9s para la causa, mientras que la persona implicada en la captaci\u00f3n y transporte de las v\u00edctimas fue infraccionada por infringir la Ley N\u00b0 26.842 y su modificatoria 26.364 \u201cPrevenci\u00f3n y Sanci\u00f3n de la Trata de Personas y Asistencia a sus V\u00edctimas\u201d.<\/p>\n","protected":false},"excerpt":{"rendered":"<p>La Divisi\u00f3n Prevenci\u00f3n y Lucha contra la Trata de Personas tom\u00f3 intervenci\u00f3n junto a otros organismos tras una denuncia a la l\u00ednea 145 sobre un caso de explotaci\u00f3n laboral en una finca de ruta provincial N\u00b0 54 de Santa Victoria Este. Luego de constatar las condiciones de vulnerabilidad, rescataron y asistieron a 17 trabajadores informales. [&hellip;]<\/p>\n","protected":false},"author":2,"featured_media":70172,"comment_status":"open","ping_status":"open","sticky":false,"template":"","format":"standard","meta":{"tdm_status":"","tdm_grid_status":"","_joinchat":[],"footnotes":""},"categories":[63],"tags":[],"class_list":{"0":"post-70171","1":"post","2":"type-post","3":"status-publish","4":"format-standard","5":"has-post-thumbnail","7":"category-policiales"},"amp_enabled":true,"_links":{"self":[{"href":"https:\/\/www.todoeldia.com\/index.php\/wp-json\/wp\/v2\/posts\/70171","targetHints":{"allow":["GET"]}}],"collection":[{"href":"https:\/\/www.todoeldia.com\/index.php\/wp-json\/wp\/v2\/posts"}],"about":[{"href":"https:\/\/www.todoeldia.com\/index.php\/wp-json\/wp\/v2\/types\/post"}],"author":[{"embeddable":true,"href":"https:\/\/www.todoeldia.com\/index.php\/wp-json\/wp\/v2\/users\/2"}],"replies":[{"embeddable":true,"href":"https:\/\/www.todoeldia.com\/index.php\/wp-json\/wp\/v2\/comments?post=70171"}],"version-history":[{"count":1,"href":"https:\/\/www.todoeldia.com\/index.php\/wp-json\/wp\/v2\/posts\/70171\/revisions"}],"predecessor-version":[{"id":70175,"href":"https:\/\/www.todoeldia.com\/index.php\/wp-json\/wp\/v2\/posts\/70171\/revisions\/70175"}],"wp:featuredmedia":[{"embeddable":true,"href":"https:\/\/www.todoeldia.com\/index.php\/wp-json\/wp\/v2\/media\/70172"}],"wp:attachment":[{"href":"https:\/\/www.todoeldia.com\/index.php\/wp-json\/wp\/v2\/media?parent=70171"}],"wp:term":[{"taxonomy":"category","embeddable":true,"href":"https:\/\/www.todoeldia.com\/index.php\/wp-json\/wp\/v2\/categories?post=70171"},{"taxonomy":"post_tag","embeddable":true,"href":"https:\/\/www.todoeldia.com\/index.php\/wp-json\/wp\/v2\/tags?post=70171"}],"curies":[{"name":"wp","href":"https:\/\/api.w.org\/{rel}","templated":true}]}}