{"id":70191,"date":"2023-12-22T18:40:12","date_gmt":"2023-12-22T21:40:12","guid":{"rendered":"https:\/\/www.todoeldia.com\/?p=70191"},"modified":"2023-12-22T18:40:12","modified_gmt":"2023-12-22T21:40:12","slug":"el-delegado-de-ate-en-tartagal-dijo-que-va-a-defender-a-empleados-que-justifiquen-tareas","status":"publish","type":"post","link":"https:\/\/www.todoeldia.com\/index.php\/2023\/12\/22\/el-delegado-de-ate-en-tartagal-dijo-que-va-a-defender-a-empleados-que-justifiquen-tareas\/","title":{"rendered":"El delegado de ATE en Tartagal dijo que va a defender a empleados que justifiquen tareas"},"content":{"rendered":"\n<p>El delegado de ATE San Mart\u00edn, Ferm\u00edn Hoyos advirti\u00f3 sobre la defensa de los derechos laborales de quienes realmente trabajan.<\/p>\n\n\n\n<p>Hoyos, sali\u00f3 con los tapones de punta en contra de un grupo de exfuncionarios municipales, quienes por redes sociales y en sus propios medios de comunicaci\u00f3n presionaban al sindicalista para que saliera en defensa de una cantidad a\u00fan no determinada de trabajadores eventuales y contratados que el pr\u00f3ximo 31 de diciembre dejar\u00e1n de tener relaci\u00f3n laboral con la Municipalidad de Tartagal.<\/p>\n\n\n\n<p>Hasta el momento se desconoce el n\u00famero de agentes que estaban en esa situaci\u00f3n irregular, ya que muchos no ten\u00edan tareas espec\u00edficas y solo cobraban por tesorer\u00eda cuando se cumpl\u00edan las quincenas. Otros fueron pasados a la planta de contratados aun despu\u00e9s de una disposici\u00f3n del Gobierno de la Provincia de responsabilidad fiscal que imped\u00eda que los intendentes que terminaban su mandato realizaran nuevas incorporaciones de personal.<\/p>\n\n\n\n<p>Ex funcionarios municipales como Vanesa Sanchez alentaron en sus medios de comunicaci\u00f3n y en redes sociales para que esos trabajadores le exijan a Ferm\u00edn Hoyos reuniones para plantear sus reclamos y que el propio sindicalista presione a la nueva administraci\u00f3n para que todos queden dentro del municipio.<\/p>\n\n\n\n<p>La respuesta de Hoyos<\/p>\n\n\n\n<p>Al referirse a la situaci\u00f3n, Hoyos se mostr\u00f3 indignado porque \u201cestos mismos exfuncionarios que a los trabajadores municipales los persegu\u00edan y los maltrataban cuando ellos ingresaron, ahora les dicen \u2018compa\u00f1eros municipales\u2019; son ellos los que primero tienen que explicar muchas cosas de los manejos que se hicieron en el municipio\u201d, dijo.<\/p>\n\n\n\n<p>Sin medias tintas, Hoyos aprovech\u00f3 para denunciar algunos de esos manejos: \u201cLa ex secretaria de Relaciones Institucionales, Vanesa S\u00e1nchez, los ten\u00eda de planilleros a los movileros de su radio y ahora dice que yo los tengo que defender y hacer que sigan trabajando y cobrando del municipio. Ni yo que soy delegado s\u00e9 cu\u00e1ntos eventuales o contratados hay en esa situaci\u00f3n\u201d.<\/p>\n\n\n\n<p>&nbsp;\u201cAhora soy periodista\u201d<\/p>\n\n\n\n<p>Vanesa S\u00e1nchez ex secretaria de Relaciones Institucionales del municipio de Tartagal y ex directora del Multimedio municipal fue consultada por El Tribuno por la denuncia p\u00fablica que realiz\u00f3 Ferm\u00edn Hoyos, y al ser consultada por la situaci\u00f3n irregular de un n\u00famero no determinado de eventuales no quiso referirse al manejo que la administraci\u00f3n que integr\u00f3 hizo respecto de quienes ahora reclaman no ser despedidos. \u201cYo ya no soy funcionaria porque volv\u00ed a mi radio, de la que estuve ausente estos 4 a\u00f1os; ahora volv\u00ed a mi profesi\u00f3n\u201d, dijo.<\/p>\n\n\n\n<p>El nuevo trabajo<\/p>\n\n\n\n<p>\u201cCuando fui funcionaria los dej\u00e9 a los chicos (el personal) de mi medio para que se hagan cargo de todo. Ellos son trabajadores independientes, todos los periodistas ten\u00edan pautas publicitarias y los arreglos que ellos hicieron con la Municipalidad eran personales\u201d, argument\u00f3 S\u00e1nchez.<\/p>\n\n\n\n<p>En relaci\u00f3n a las denuncias p\u00fablicas de Ferm\u00edn Hoyos, la exfuncionaria consider\u00f3 que \u201clo que est\u00e1n haciendo es tirar la pelota para otro lado en lugar de hacerse cargo de las decisiones que toman. Yo le hice notas a 5 chicas que eran de la Municipalidad y quedaron sin trabajo, y creo que eso le molest\u00f3 a Ferm\u00edn Hoyos, pero ese es mi trabajo de periodista, hacerle notas a la gente\u201d, consider\u00f3 la exfuncionaria.<\/p>\n","protected":false},"excerpt":{"rendered":"<p>El delegado de ATE San Mart\u00edn, Ferm\u00edn Hoyos advirti\u00f3 sobre la defensa de los derechos laborales de quienes realmente trabajan. Hoyos, sali\u00f3 con los tapones de punta en contra de un grupo de exfuncionarios municipales, quienes por redes sociales y en sus propios medios de comunicaci\u00f3n presionaban al sindicalista para que saliera en defensa de [&hellip;]<\/p>\n","protected":false},"author":2,"featured_media":12734,"comment_status":"open","ping_status":"open","sticky":false,"template":"","format":"standard","meta":{"tdm_status":"","tdm_grid_status":"","_joinchat":[],"footnotes":""},"categories":[59],"tags":[],"class_list":{"0":"post-70191","1":"post","2":"type-post","3":"status-publish","4":"format-standard","5":"has-post-thumbnail","7":"category-politica"},"amp_enabled":true,"_links":{"self":[{"href":"https:\/\/www.todoeldia.com\/index.php\/wp-json\/wp\/v2\/posts\/70191","targetHints":{"allow":["GET"]}}],"collection":[{"href":"https:\/\/www.todoeldia.com\/index.php\/wp-json\/wp\/v2\/posts"}],"about":[{"href":"https:\/\/www.todoeldia.com\/index.php\/wp-json\/wp\/v2\/types\/post"}],"author":[{"embeddable":true,"href":"https:\/\/www.todoeldia.com\/index.php\/wp-json\/wp\/v2\/users\/2"}],"replies":[{"embeddable":true,"href":"https:\/\/www.todoeldia.com\/index.php\/wp-json\/wp\/v2\/comments?post=70191"}],"version-history":[{"count":1,"href":"https:\/\/www.todoeldia.com\/index.php\/wp-json\/wp\/v2\/posts\/70191\/revisions"}],"predecessor-version":[{"id":70192,"href":"https:\/\/www.todoeldia.com\/index.php\/wp-json\/wp\/v2\/posts\/70191\/revisions\/70192"}],"wp:featuredmedia":[{"embeddable":true,"href":"https:\/\/www.todoeldia.com\/index.php\/wp-json\/wp\/v2\/media\/12734"}],"wp:attachment":[{"href":"https:\/\/www.todoeldia.com\/index.php\/wp-json\/wp\/v2\/media?parent=70191"}],"wp:term":[{"taxonomy":"category","embeddable":true,"href":"https:\/\/www.todoeldia.com\/index.php\/wp-json\/wp\/v2\/categories?post=70191"},{"taxonomy":"post_tag","embeddable":true,"href":"https:\/\/www.todoeldia.com\/index.php\/wp-json\/wp\/v2\/tags?post=70191"}],"curies":[{"name":"wp","href":"https:\/\/api.w.org\/{rel}","templated":true}]}}