{"id":70193,"date":"2023-12-22T18:43:25","date_gmt":"2023-12-22T21:43:25","guid":{"rendered":"https:\/\/www.todoeldia.com\/?p=70193"},"modified":"2023-12-22T18:43:25","modified_gmt":"2023-12-22T21:43:25","slug":"padre-e-hijo-condenados-por-el-homicidio-de-sebastian-oller-en-san-martin-al-3-500","status":"publish","type":"post","link":"https:\/\/www.todoeldia.com\/index.php\/2023\/12\/22\/padre-e-hijo-condenados-por-el-homicidio-de-sebastian-oller-en-san-martin-al-3-500\/","title":{"rendered":"Padre e hijo condenados por el homicidio de Sebasti\u00e1n Oller en San Mart\u00edn al 3.500"},"content":{"rendered":"\n<p>El juez Eduardo Ra\u00fal S\u00e1ngari, vocal de la Sala II del Tribunal de Juicio, conden\u00f3 hoy a un hombre y a su hijo a la pena de doce a\u00f1os de prisi\u00f3n de ejecuci\u00f3n efectiva por resultar autores del delito de homicidio simple en perjuicio de Sebasti\u00e1n Oscar Oller (35).<\/p>\n\n\n\n<p>El hecho ocurri\u00f3 el 15 de agosto de 2022 en avenida San Mart\u00edn al 3500 de la ciudad de Salta.<\/p>\n\n\n\n<p>Uno de los imputados fue declarado reincidente por primera vez.<\/p>\n\n\n\n<p>En el mismo fallo, otro de los hijos result\u00f3 absuelto por la duda del delito de homicidio simple. En una causa acumulada, el sujeto fue sobrese\u00eddo del delito de robo simple agravado por la participaci\u00f3n de un menor. El juez orden\u00f3 su inmediata libertad.<\/p>\n\n\n\n<p>Por el Ministerio P\u00fablico intervino el fiscal penal 2 de la Unidad de Graves Atentados contra las Personas, Gabriel Gonz\u00e1lez.<\/p>\n\n\n\n<p>Padre e hijo fueron condenados por atacar y lesionar con un arma blanca al damnificado cuando este caminaba por calle San Mart\u00edn. Fue herido en la zona del t\u00f3rax y en sus miembros inferiores. Al momento del hecho, el mayor de los acusados ten\u00eda 52 a\u00f1os y, sus hijos, 18 y 20.<\/p>\n\n\n\n<p>La v\u00edctima fue derivada en c\u00f3digo rojo al hospital San Bernardo. Falleci\u00f3 a las 6.30 del 16 de agosto. La causa: shock hipovol\u00e9mico por heridas m\u00faltiples de arma blanca.<\/p>\n\n\n\n<p>El juez orden\u00f3 la extracci\u00f3n de material gen\u00e9tico de los dos condenados para su inscripci\u00f3n en el Banco de Datos Gen\u00e9ticos correspondiente.<\/p>\n","protected":false},"excerpt":{"rendered":"<p>El juez Eduardo Ra\u00fal S\u00e1ngari, vocal de la Sala II del Tribunal de Juicio, conden\u00f3 hoy a un hombre y a su hijo a la pena de doce a\u00f1os de prisi\u00f3n de ejecuci\u00f3n efectiva por resultar autores del delito de homicidio simple en perjuicio de Sebasti\u00e1n Oscar Oller (35). El hecho ocurri\u00f3 el 15 de [&hellip;]<\/p>\n","protected":false},"author":2,"featured_media":35303,"comment_status":"open","ping_status":"open","sticky":false,"template":"","format":"standard","meta":{"tdm_status":"","tdm_grid_status":"","_joinchat":[],"footnotes":""},"categories":[63],"tags":[],"class_list":{"0":"post-70193","1":"post","2":"type-post","3":"status-publish","4":"format-standard","5":"has-post-thumbnail","7":"category-policiales"},"amp_enabled":true,"_links":{"self":[{"href":"https:\/\/www.todoeldia.com\/index.php\/wp-json\/wp\/v2\/posts\/70193","targetHints":{"allow":["GET"]}}],"collection":[{"href":"https:\/\/www.todoeldia.com\/index.php\/wp-json\/wp\/v2\/posts"}],"about":[{"href":"https:\/\/www.todoeldia.com\/index.php\/wp-json\/wp\/v2\/types\/post"}],"author":[{"embeddable":true,"href":"https:\/\/www.todoeldia.com\/index.php\/wp-json\/wp\/v2\/users\/2"}],"replies":[{"embeddable":true,"href":"https:\/\/www.todoeldia.com\/index.php\/wp-json\/wp\/v2\/comments?post=70193"}],"version-history":[{"count":1,"href":"https:\/\/www.todoeldia.com\/index.php\/wp-json\/wp\/v2\/posts\/70193\/revisions"}],"predecessor-version":[{"id":70194,"href":"https:\/\/www.todoeldia.com\/index.php\/wp-json\/wp\/v2\/posts\/70193\/revisions\/70194"}],"wp:featuredmedia":[{"embeddable":true,"href":"https:\/\/www.todoeldia.com\/index.php\/wp-json\/wp\/v2\/media\/35303"}],"wp:attachment":[{"href":"https:\/\/www.todoeldia.com\/index.php\/wp-json\/wp\/v2\/media?parent=70193"}],"wp:term":[{"taxonomy":"category","embeddable":true,"href":"https:\/\/www.todoeldia.com\/index.php\/wp-json\/wp\/v2\/categories?post=70193"},{"taxonomy":"post_tag","embeddable":true,"href":"https:\/\/www.todoeldia.com\/index.php\/wp-json\/wp\/v2\/tags?post=70193"}],"curies":[{"name":"wp","href":"https:\/\/api.w.org\/{rel}","templated":true}]}}