{"id":70195,"date":"2023-12-22T18:45:58","date_gmt":"2023-12-22T21:45:58","guid":{"rendered":"https:\/\/www.todoeldia.com\/?p=70195"},"modified":"2023-12-22T18:45:59","modified_gmt":"2023-12-22T21:45:59","slug":"ira-a-juicio-por-abuso-sexual-y-corrupcion-de-menores-en-contra-de-su-hija-menor-de-edad","status":"publish","type":"post","link":"https:\/\/www.todoeldia.com\/index.php\/2023\/12\/22\/ira-a-juicio-por-abuso-sexual-y-corrupcion-de-menores-en-contra-de-su-hija-menor-de-edad\/","title":{"rendered":"Ir\u00e1 a juicio por abuso sexual y corrupci\u00f3n de menores en contra de su hija menor de edad"},"content":{"rendered":"\n<p>El imputado abus\u00f3 de la ni\u00f1a durante a\u00f1os, mientras conviv\u00edan con su pareja, madre de sus dos hijos, incluso despu\u00e9s de separarse, hasta que tom\u00f3 la determinaci\u00f3n de huir del pa\u00eds.<\/p>\n\n\n\n<p>El fiscal penal 2 de la Unidad de Delitos Contra la Integridad Sexual (UDIS), Rodrigo Gonz\u00e1lez Miralpeix, requiri\u00f3 juicio ante el Juzgado de Garant\u00edas 2 del Distrito Centro, para un hombre de 35 a\u00f1os, como autor de los delitos de abuso sexual gravemente ultrajante por las circunstancias de realizaci\u00f3n y la reiteraci\u00f3n, agravado por el v\u00ednculo, la guarda y la convivencia; abuso sexual con acceso carnal continuado, agravado por el v\u00ednculo, la guarda y la convivencia y corrupci\u00f3n de menores agravada, en concurso real, en perjuicio de su hija menor de edad.<\/p>\n\n\n\n<p>En octubre pasado, la madre de la ni\u00f1a de 12 a\u00f1os radic\u00f3 denuncia, en representaci\u00f3n de la menor, manifestando que, d\u00edas antes, su hija le dijo que su padre hab\u00eda abusado de ella varias veces.<\/p>\n\n\n\n<p>La denunciante, quien tiene dos hijos en com\u00fan con el acusado, fruto de una relaci\u00f3n que mantuvo por dos a\u00f1os y de quien se encuentra separada hace 11, aproximadamente, expres\u00f3 que su hija le cont\u00f3 que desde hace tiempo su padre la somet\u00eda a abusos, y que la ten\u00eda amenazada, por eso no cont\u00f3 nada antes.<\/p>\n\n\n\n<p>En Circuito Cerrado de Televisi\u00f3n (CCTV), la ni\u00f1a corrobor\u00f3 lo manifestado por su madre y dijo que todo empez\u00f3 cuando ten\u00eda 6 a\u00f1os y viv\u00edan con su pap\u00e1. Relat\u00f3 que su padre aprovechaba para abusar de la menor, cuando no hab\u00eda nadie en la casa, mientras su mam\u00e1 trabajaba.<\/p>\n\n\n\n<p>Seg\u00fan declar\u00f3 la denunciante, al momento de separarse en 2017, el imputado se fue a vivir a la casa de sus padres, donde tambi\u00e9n el hombre continu\u00f3 consumando los abusos, ya que ambos menores quedaban a su cuidado, mientras ella trabajaba.<\/p>\n\n\n\n<p>La mujer cont\u00f3 que hab\u00eda notado a su hija agresiva, impulsiva e incluso con problemas de conducta en la escuela desde que su padre hab\u00eda tomado la decisi\u00f3n de irse a un pa\u00eds lim\u00edtrofe, aduciendo problemas econ\u00f3micos.<\/p>\n\n\n\n<p>En el requerimiento a juicio, el fiscal Gonz\u00e1lez Miralpeix sostiene que \u201cde los elementos colectados se vislumbra un acometimiento gravemente ultrajante contra la reserva sexual de la v\u00edctima por parte de su padre\u201d.<\/p>\n\n\n\n<p>El delito descripto, afirma el fiscal, resulta agravado, ya que el imputado es el padre biol\u00f3gico de la v\u00edctima, lo que presupone el cuidado hacia su hija y que los hechos ocurridos suced\u00edan mientras ostentaba la condici\u00f3n de guardador de la ni\u00f1a.<\/p>\n\n\n\n<p>El imputado lleg\u00f3 a convencerse, incluso, que la hab\u00eda dejado embarazada, raz\u00f3n por la cual decidi\u00f3 huir del pa\u00eds, tal como consta en la denuncia hecha por familiares y en los portales de noticias.<\/p>\n\n\n\n<p>El fiscal solicit\u00f3 tambi\u00e9n que se incorpore como prueba toda la documental que obra en la causa, como tambi\u00e9n los informes de pericia psicol\u00f3gica e informe del CIF respecto a los tel\u00e9fonos secuestrados del imputado, como tambi\u00e9n historia cl\u00ednica.<\/p>\n","protected":false},"excerpt":{"rendered":"<p>El imputado abus\u00f3 de la ni\u00f1a durante a\u00f1os, mientras conviv\u00edan con su pareja, madre de sus dos hijos, incluso despu\u00e9s de separarse, hasta que tom\u00f3 la determinaci\u00f3n de huir del pa\u00eds. El fiscal penal 2 de la Unidad de Delitos Contra la Integridad Sexual (UDIS), Rodrigo Gonz\u00e1lez Miralpeix, requiri\u00f3 juicio ante el Juzgado de Garant\u00edas [&hellip;]<\/p>\n","protected":false},"author":2,"featured_media":40995,"comment_status":"open","ping_status":"open","sticky":false,"template":"","format":"standard","meta":{"tdm_status":"","tdm_grid_status":"","_joinchat":[],"footnotes":""},"categories":[63],"tags":[],"class_list":{"0":"post-70195","1":"post","2":"type-post","3":"status-publish","4":"format-standard","5":"has-post-thumbnail","7":"category-policiales"},"amp_enabled":true,"_links":{"self":[{"href":"https:\/\/www.todoeldia.com\/index.php\/wp-json\/wp\/v2\/posts\/70195","targetHints":{"allow":["GET"]}}],"collection":[{"href":"https:\/\/www.todoeldia.com\/index.php\/wp-json\/wp\/v2\/posts"}],"about":[{"href":"https:\/\/www.todoeldia.com\/index.php\/wp-json\/wp\/v2\/types\/post"}],"author":[{"embeddable":true,"href":"https:\/\/www.todoeldia.com\/index.php\/wp-json\/wp\/v2\/users\/2"}],"replies":[{"embeddable":true,"href":"https:\/\/www.todoeldia.com\/index.php\/wp-json\/wp\/v2\/comments?post=70195"}],"version-history":[{"count":1,"href":"https:\/\/www.todoeldia.com\/index.php\/wp-json\/wp\/v2\/posts\/70195\/revisions"}],"predecessor-version":[{"id":70196,"href":"https:\/\/www.todoeldia.com\/index.php\/wp-json\/wp\/v2\/posts\/70195\/revisions\/70196"}],"wp:featuredmedia":[{"embeddable":true,"href":"https:\/\/www.todoeldia.com\/index.php\/wp-json\/wp\/v2\/media\/40995"}],"wp:attachment":[{"href":"https:\/\/www.todoeldia.com\/index.php\/wp-json\/wp\/v2\/media?parent=70195"}],"wp:term":[{"taxonomy":"category","embeddable":true,"href":"https:\/\/www.todoeldia.com\/index.php\/wp-json\/wp\/v2\/categories?post=70195"},{"taxonomy":"post_tag","embeddable":true,"href":"https:\/\/www.todoeldia.com\/index.php\/wp-json\/wp\/v2\/tags?post=70195"}],"curies":[{"name":"wp","href":"https:\/\/api.w.org\/{rel}","templated":true}]}}