{"id":70199,"date":"2023-12-22T21:47:06","date_gmt":"2023-12-23T00:47:06","guid":{"rendered":"https:\/\/www.todoeldia.com\/?p=70199"},"modified":"2023-12-22T21:47:06","modified_gmt":"2023-12-23T00:47:06","slug":"allanaron-la-finca-que-riega-las-verduras-con-aguas-del-rio-arenales","status":"publish","type":"post","link":"https:\/\/www.todoeldia.com\/index.php\/2023\/12\/22\/allanaron-la-finca-que-riega-las-verduras-con-aguas-del-rio-arenales\/","title":{"rendered":"Allanaron la finca que riega las verduras con aguas del Rio arenales"},"content":{"rendered":"\n<p>Se llev\u00f3 a cabo un allanamiento en una propiedad de La Pedrera, en busca de evidencia relacionada con presuntas pr\u00e1cticas que podr\u00edan poner en riesgo la salud p\u00fablica. La investigaci\u00f3n se centra en la posible contaminaci\u00f3n y el uso indebido de aguas contaminadas en la producci\u00f3n de hortalizas.<\/p>\n\n\n\n<p>En el marco de una investigaci\u00f3n vinculada a presuntas pr\u00e1cticas que podr\u00edan poner en riesgo la salud p\u00fablica, el fiscal penal 5, Federico Jovanovics, integrante de la Unidad Fiscal Ambiental, solicit\u00f3 al Juzgado de Garant\u00edas 7, el registro y allanamiento de un inmueble situado en Ruta Provincial N\u00ba 39, en la localidad de La Pedrera, perteneciente al Departamento Capital. El prop\u00f3sito de esta acci\u00f3n, fue el secuestro de muestras de productos frutihort\u00edcolas de la finca se\u00f1alada, as\u00ed como la realizaci\u00f3n de una inspecci\u00f3n ocular y documentaci\u00f3n de las actividades de riego y producci\u00f3n de hortalizas.<\/p>\n\n\n\n<figure class=\"wp-block-image size-large is-resized\"><img loading=\"lazy\" decoding=\"async\" width=\"1024\" height=\"768\" src=\"https:\/\/www.todoeldia.com\/wp-content\/uploads\/2023\/12\/rio-arenales-1024x768.jpg\" alt=\"\" class=\"wp-image-70201\" style=\"width:1068px;height:auto\" srcset=\"https:\/\/www.todoeldia.com\/wp-content\/uploads\/2023\/12\/rio-arenales-1024x768.jpg 1024w, https:\/\/www.todoeldia.com\/wp-content\/uploads\/2023\/12\/rio-arenales-300x225.jpg 300w, https:\/\/www.todoeldia.com\/wp-content\/uploads\/2023\/12\/rio-arenales-768x576.jpg 768w, https:\/\/www.todoeldia.com\/wp-content\/uploads\/2023\/12\/rio-arenales-696x522.jpg 696w, https:\/\/www.todoeldia.com\/wp-content\/uploads\/2023\/12\/rio-arenales-560x420.jpg 560w, https:\/\/www.todoeldia.com\/wp-content\/uploads\/2023\/12\/rio-arenales-80x60.jpg 80w, https:\/\/www.todoeldia.com\/wp-content\/uploads\/2023\/12\/rio-arenales-265x198.jpg 265w, https:\/\/www.todoeldia.com\/wp-content\/uploads\/2023\/12\/rio-arenales.jpg 1066w\" sizes=\"auto, (max-width: 1024px) 100vw, 1024px\" \/><\/figure>\n\n\n\n<p>El fiscal Jovanovics consider\u00f3 crucial la recolecci\u00f3n de muestras de las hortalizas producidas en la finca para verificar la presencia de virus, bacterias o par\u00e1sitos provenientes de las aguas contaminadas, que podr\u00edan afectar la salud de la poblaci\u00f3n, la cual fue llevada adelante el d\u00eda de hoy, estando a cargo de la Unidad Especial de Investigaciones del Cuerpo de Investigadores Fiscales. En el lugar, los ingenieros Leonor Barrenechea y Joel Medina del Laboratorio del CIF, realizaron el levantamiento de muestras de vegetales como lechuga, br\u00f3coli, zanahoria y perejil.<\/p>\n\n\n\n<p>El Procurador fue informado por parte del Ente Regulador de los Servicios P\u00fablicos, sobre un informe t\u00e9cnico de la Gerencia de Agua Potable y Saneamiento. Seg\u00fan dicha documentaci\u00f3n, se verific\u00f3 la presencia de una toma de agua clandestina en la margen izquierda del R\u00edo Arenales, cerca de la Planta Depuradora Sur. Esta toma de agua, utilizada para el riego de hortalizas en la finca mencionada, carece de autorizaci\u00f3n y representa riesgo de contaminaci\u00f3n.<\/p>\n\n\n\n<figure class=\"wp-block-image size-full is-resized\"><img loading=\"lazy\" decoding=\"async\" width=\"600\" height=\"800\" src=\"https:\/\/www.todoeldia.com\/wp-content\/uploads\/2023\/12\/verduras1.jpg\" alt=\"\" class=\"wp-image-70202\" style=\"width:1067px;height:auto\" srcset=\"https:\/\/www.todoeldia.com\/wp-content\/uploads\/2023\/12\/verduras1.jpg 600w, https:\/\/www.todoeldia.com\/wp-content\/uploads\/2023\/12\/verduras1-225x300.jpg 225w, https:\/\/www.todoeldia.com\/wp-content\/uploads\/2023\/12\/verduras1-300x400.jpg 300w, https:\/\/www.todoeldia.com\/wp-content\/uploads\/2023\/12\/verduras1-315x420.jpg 315w\" sizes=\"auto, (max-width: 600px) 100vw, 600px\" \/><\/figure>\n\n\n\n<p>Consta en el informe, que durante la inspecci\u00f3n, el propietario de la finca admiti\u00f3 que, debido a la disminuci\u00f3n del caudal de sus pozos someros por la crisis h\u00eddrica, se estaba bombeando agua desde el r\u00edo sin contar con los permisos necesarios. Adem\u00e1s, se inform\u00f3 que actualmente est\u00e1 en ejecuci\u00f3n la obra de Optimizaci\u00f3n y Ampliaci\u00f3n de la Planta Depuradora Sur debido a que su capacidad est\u00e1 superada, lo que contribuye a un alto riesgo de contaminaci\u00f3n del R\u00edo Arenales.<\/p>\n\n\n\n<p>Los hechos descriptos podr\u00edan configurar el delito tipificado en el Art\u00edculo 55 de la Ley 24051 en funci\u00f3n del Art\u00edculo 200 del C\u00f3digo Penal, en su modalidad de contaminaci\u00f3n de un modo peligroso para la salud de aguas potables destinadas al uso p\u00fablico.<\/p>\n","protected":false},"excerpt":{"rendered":"<p>Se llev\u00f3 a cabo un allanamiento en una propiedad de La Pedrera, en busca de evidencia relacionada con presuntas pr\u00e1cticas que podr\u00edan poner en riesgo la salud p\u00fablica. La investigaci\u00f3n se centra en la posible contaminaci\u00f3n y el uso indebido de aguas contaminadas en la producci\u00f3n de hortalizas. En el marco de una investigaci\u00f3n vinculada [&hellip;]<\/p>\n","protected":false},"author":2,"featured_media":70200,"comment_status":"open","ping_status":"open","sticky":false,"template":"","format":"standard","meta":{"tdm_status":"","tdm_grid_status":"","_joinchat":[],"footnotes":""},"categories":[73],"tags":[],"class_list":{"0":"post-70199","1":"post","2":"type-post","3":"status-publish","4":"format-standard","5":"has-post-thumbnail","7":"category-noticias-general"},"amp_enabled":true,"_links":{"self":[{"href":"https:\/\/www.todoeldia.com\/index.php\/wp-json\/wp\/v2\/posts\/70199","targetHints":{"allow":["GET"]}}],"collection":[{"href":"https:\/\/www.todoeldia.com\/index.php\/wp-json\/wp\/v2\/posts"}],"about":[{"href":"https:\/\/www.todoeldia.com\/index.php\/wp-json\/wp\/v2\/types\/post"}],"author":[{"embeddable":true,"href":"https:\/\/www.todoeldia.com\/index.php\/wp-json\/wp\/v2\/users\/2"}],"replies":[{"embeddable":true,"href":"https:\/\/www.todoeldia.com\/index.php\/wp-json\/wp\/v2\/comments?post=70199"}],"version-history":[{"count":1,"href":"https:\/\/www.todoeldia.com\/index.php\/wp-json\/wp\/v2\/posts\/70199\/revisions"}],"predecessor-version":[{"id":70203,"href":"https:\/\/www.todoeldia.com\/index.php\/wp-json\/wp\/v2\/posts\/70199\/revisions\/70203"}],"wp:featuredmedia":[{"embeddable":true,"href":"https:\/\/www.todoeldia.com\/index.php\/wp-json\/wp\/v2\/media\/70200"}],"wp:attachment":[{"href":"https:\/\/www.todoeldia.com\/index.php\/wp-json\/wp\/v2\/media?parent=70199"}],"wp:term":[{"taxonomy":"category","embeddable":true,"href":"https:\/\/www.todoeldia.com\/index.php\/wp-json\/wp\/v2\/categories?post=70199"},{"taxonomy":"post_tag","embeddable":true,"href":"https:\/\/www.todoeldia.com\/index.php\/wp-json\/wp\/v2\/tags?post=70199"}],"curies":[{"name":"wp","href":"https:\/\/api.w.org\/{rel}","templated":true}]}}