{"id":70204,"date":"2023-12-22T21:50:29","date_gmt":"2023-12-23T00:50:29","guid":{"rendered":"https:\/\/www.todoeldia.com\/?p=70204"},"modified":"2023-12-22T21:50:58","modified_gmt":"2023-12-23T00:50:58","slug":"intimaron-a-aguas-del-norte-al-cese-inmediato-del-vertido-de-fluidos-cloacales-sin-tratamiento-al-rio-arenales","status":"publish","type":"post","link":"https:\/\/www.todoeldia.com\/index.php\/2023\/12\/22\/intimaron-a-aguas-del-norte-al-cese-inmediato-del-vertido-de-fluidos-cloacales-sin-tratamiento-al-rio-arenales\/","title":{"rendered":"Intimaron a Aguas del Norte al cese inmediato del vertido de fluidos cloacales sin tratamiento al R\u00edo Arenales."},"content":{"rendered":"\n<p>El juez de Garant\u00edas 2, Ignacio Colombo, hizo lugar a los pedidos que el Ministerio P\u00fablico Fiscal realiz\u00f3 ante la contaminaci\u00f3n h\u00eddrica en la subcuenca.<\/p>\n\n\n\n<p>En el marco de la audiencia solicitada con car\u00e1cter de urgente por el Ministerio P\u00fablico Fiscal por la contaminaci\u00f3n h\u00eddrica en el r\u00edo Arenales, el juez de Garant\u00edas 2, Ignacio Colombo, intim\u00f3 a la empresa Co.SA.ySa a que d\u00e9 estricto cumplimiento a lo ordenado oportunamente en la sentencia del amparo; esto es, al cese inmediato del vertido de fluidos cloacales sin tratamiento adecuado en el R\u00edo Arenales.<\/p>\n\n\n\n<p>Adem\u00e1s, le orden\u00f3 la presentaci\u00f3n, en un plazo de 48 horas h\u00e1biles, de Plan de Contingencia Urgente para atenuar o suprimir los efectos nocivos del vuelco de deshechos cloacales en el r\u00edo Arenales. El proyecto deber\u00e1 contemplar plazos de ejecuci\u00f3n razonables y pr\u00f3ximos en atenci\u00f3n a la situaci\u00f3n de alerta epidemiol\u00f3gica informada p\u00fablicamente, y debe estar dirigida a atenuar o suprimir los efectos nocivos del vuelco de desechos cloacales con tratamiento insuficiente.<\/p>\n\n\n\n<p>De la audiencia participaron el fiscal en lo Civil, Comercial, del Trabajo y en lo Contencioso Administrativo 1 y miembro de la Unidad Fiscal Ambiental Subcuenca Arias-Arenales, Rodrigo Erazo Schmidt; la asesora t\u00e9cnica del Cuerpo de Investigadores Fiscales, Leonor Barrenechea, representantes de Co.SA.ySa y del Ente Regulador de los Servicios P\u00fablicos. No asistieron representantes de la Municipalidad de Salta ni de la Provincia de Salta.<\/p>\n\n\n\n<figure class=\"wp-block-image size-full is-resized\"><img loading=\"lazy\" decoding=\"async\" width=\"1024\" height=\"681\" src=\"https:\/\/www.todoeldia.com\/wp-content\/uploads\/2023\/12\/rio-arenales-contaminado.jpg\" alt=\"\" class=\"wp-image-70206\" style=\"width:1068px;height:auto\" srcset=\"https:\/\/www.todoeldia.com\/wp-content\/uploads\/2023\/12\/rio-arenales-contaminado.jpg 1024w, https:\/\/www.todoeldia.com\/wp-content\/uploads\/2023\/12\/rio-arenales-contaminado-300x200.jpg 300w, https:\/\/www.todoeldia.com\/wp-content\/uploads\/2023\/12\/rio-arenales-contaminado-768x511.jpg 768w, https:\/\/www.todoeldia.com\/wp-content\/uploads\/2023\/12\/rio-arenales-contaminado-696x463.jpg 696w, https:\/\/www.todoeldia.com\/wp-content\/uploads\/2023\/12\/rio-arenales-contaminado-632x420.jpg 632w\" sizes=\"auto, (max-width: 1024px) 100vw, 1024px\" \/><\/figure>\n\n\n\n<p>Durante la audiencia, Co.SA.ySa reconoci\u00f3 que su planta depuradora se encuentra superada en un 30 por ciento de su capacidad operativa e inform\u00f3 que la ampliaci\u00f3n de la planta reci\u00e9n estar\u00e1 terminada, de acuerdo a lo proyectado, en febrero de 2025.<\/p>\n\n\n\n<p>Ante la alerta epidemiol\u00f3gica por el aumento de casos de salmonella efectuado por el Ministerio de Salud de Salta y las denuncias de vuelco de efluentes al r\u00edo Arenales en la zona de la Pedrera, el juez Colombo hizo lugar a los requerimientos de la Unidad Fiscal y orden\u00f3 nuevamente al Municipio de Salta la colocaci\u00f3n de letreros indicativos de f\u00e1cil lectura en todos los lugares de acceso p\u00fablico a lo largo del trayecto del r\u00edo que cruza la ciudad de Salta. Todo ello deber\u00e1 estar cumplido y acreditado para el d\u00eda 15 de enero.<\/p>\n\n\n\n<p>Asimismo, resolvi\u00f3 que los estados provincial y municipal y la empresa Co.SA.ySa pongan en marcha una amplia campa\u00f1a de difusi\u00f3n para prevenir el uso o utilizaci\u00f3n del R\u00edo Arenales debido a la contaminaci\u00f3n existente, ello por cualquier medio de difusi\u00f3n masiva.<\/p>\n\n\n\n<p>El Juez de Garant\u00edas 2 tambi\u00e9n estableci\u00f3 que se deber\u00e1 realizar una demarcaci\u00f3n y vigilancia sanitaria de las zonas consideradas peligrosas, de manera conjunta por parte de las demandadas: Provincia de Salta y Municipio de Salta, verificando especialmente el cese de la actividad clandestina e ilegal desplegada por los productores ribere\u00f1os del R\u00edo Arenales y de la captaci\u00f3n de aguas contaminadas con efluentes vertidos en su sistema cloacal, actualmente destinada al riego de sembrad\u00edos y cualquier otra utilizaci\u00f3n clandestina que se detecte.<\/p>\n\n\n\n<p>En el fallo, el juez Colombo resolvi\u00f3 que la Secretar\u00eda de Ambiente y Servicios P\u00fablicos de la Municipalidad de Salta debe realizar las siguientes acciones urgentes: a) controlar las malezas en las adyacencias de las zonas afectadas; b) limpiar inmediatamente los obst\u00e1culos a lo largo del curso del r\u00edo para evitar zonas de aguas quietas; c) evitar y controlar la distribuci\u00f3n y utilizaci\u00f3n de agua del afluente para riego y consumo humano o de animales, bajo apercibimiento de multas.<\/p>\n","protected":false},"excerpt":{"rendered":"<p>El juez de Garant\u00edas 2, Ignacio Colombo, hizo lugar a los pedidos que el Ministerio P\u00fablico Fiscal realiz\u00f3 ante la contaminaci\u00f3n h\u00eddrica en la subcuenca. En el marco de la audiencia solicitada con car\u00e1cter de urgente por el Ministerio P\u00fablico Fiscal por la contaminaci\u00f3n h\u00eddrica en el r\u00edo Arenales, el juez de Garant\u00edas 2, Ignacio [&hellip;]<\/p>\n","protected":false},"author":2,"featured_media":43162,"comment_status":"open","ping_status":"open","sticky":false,"template":"","format":"standard","meta":{"tdm_status":"","tdm_grid_status":"","_joinchat":[],"footnotes":""},"categories":[73],"tags":[],"class_list":{"0":"post-70204","1":"post","2":"type-post","3":"status-publish","4":"format-standard","5":"has-post-thumbnail","7":"category-noticias-general"},"amp_enabled":true,"_links":{"self":[{"href":"https:\/\/www.todoeldia.com\/index.php\/wp-json\/wp\/v2\/posts\/70204","targetHints":{"allow":["GET"]}}],"collection":[{"href":"https:\/\/www.todoeldia.com\/index.php\/wp-json\/wp\/v2\/posts"}],"about":[{"href":"https:\/\/www.todoeldia.com\/index.php\/wp-json\/wp\/v2\/types\/post"}],"author":[{"embeddable":true,"href":"https:\/\/www.todoeldia.com\/index.php\/wp-json\/wp\/v2\/users\/2"}],"replies":[{"embeddable":true,"href":"https:\/\/www.todoeldia.com\/index.php\/wp-json\/wp\/v2\/comments?post=70204"}],"version-history":[{"count":2,"href":"https:\/\/www.todoeldia.com\/index.php\/wp-json\/wp\/v2\/posts\/70204\/revisions"}],"predecessor-version":[{"id":70208,"href":"https:\/\/www.todoeldia.com\/index.php\/wp-json\/wp\/v2\/posts\/70204\/revisions\/70208"}],"wp:featuredmedia":[{"embeddable":true,"href":"https:\/\/www.todoeldia.com\/index.php\/wp-json\/wp\/v2\/media\/43162"}],"wp:attachment":[{"href":"https:\/\/www.todoeldia.com\/index.php\/wp-json\/wp\/v2\/media?parent=70204"}],"wp:term":[{"taxonomy":"category","embeddable":true,"href":"https:\/\/www.todoeldia.com\/index.php\/wp-json\/wp\/v2\/categories?post=70204"},{"taxonomy":"post_tag","embeddable":true,"href":"https:\/\/www.todoeldia.com\/index.php\/wp-json\/wp\/v2\/tags?post=70204"}],"curies":[{"name":"wp","href":"https:\/\/api.w.org\/{rel}","templated":true}]}}