{"id":70215,"date":"2023-12-23T11:20:56","date_gmt":"2023-12-23T14:20:56","guid":{"rendered":"https:\/\/www.todoeldia.com\/?p=70215"},"modified":"2023-12-23T11:20:56","modified_gmt":"2023-12-23T14:20:56","slug":"maduro-critico-el-protocolo-antipiquete-de-milei-cuando-sus-tanques-arrollaron-a-manifestantes","status":"publish","type":"post","link":"https:\/\/www.todoeldia.com\/index.php\/2023\/12\/23\/maduro-critico-el-protocolo-antipiquete-de-milei-cuando-sus-tanques-arrollaron-a-manifestantes\/","title":{"rendered":"Maduro critic\u00f3 el protocolo antipiquete de Milei: cuando sus tanques arrollaron a manifestantes"},"content":{"rendered":"\n<p>El l\u00edder chavista hab\u00eda ordenado atropellar a los dirigentes opositores y ciudadanos que salieron a las calles contra su gesti\u00f3n.<\/p>\n\n\n\n<p>El presidente de Venezuela lanz\u00f3 dur\u00edsimas cr\u00edticas contra el Gobierno argentino por la aplicaci\u00f3n del protocolo antipiquete en la marcha del 20 de diciembre en la Ciudad de Buenos Aires, cuando las organizaciones sociales salieron a las calles en su primera protesta contra el ajuste de Javier Milei.<\/p>\n\n\n\n<p>\u201cEn la Argentina hay una doctrina tra\u00edda de los manuales represivos de Israel y de Estados Unidos para reprimir y acabar al pueblo\u201d, dijo sin tapujos el l\u00edder chavista.<\/p>\n\n\n\n<p>En relaci\u00f3n al protocolo creado por Patricia Bullrich para evitar los cortes de calles, Maduro lanz\u00f3: \u201cEs una doctrina para someter al pueblo con paquetes neoliberales, para entregar la soberan\u00eda de los pa\u00edses y acallar la voz de los pueblos, como est\u00e1 pasando hoy en la Argentina\u201d.<\/p>\n\n\n\n<p>Sus declaraciones no dejan de llamar la atenci\u00f3n porque si de represi\u00f3n se trata, en Venezuela hace a\u00f1os que esa pr\u00e1ctica viene ocurriendo contra los opositores.<\/p>\n","protected":false},"excerpt":{"rendered":"<p>El l\u00edder chavista hab\u00eda ordenado atropellar a los dirigentes opositores y ciudadanos que salieron a las calles contra su gesti\u00f3n. El presidente de Venezuela lanz\u00f3 dur\u00edsimas cr\u00edticas contra el Gobierno argentino por la aplicaci\u00f3n del protocolo antipiquete en la marcha del 20 de diciembre en la Ciudad de Buenos Aires, cuando las organizaciones sociales salieron [&hellip;]<\/p>\n","protected":false},"author":2,"featured_media":70216,"comment_status":"open","ping_status":"open","sticky":false,"template":"","format":"standard","meta":{"tdm_status":"","tdm_grid_status":"","_joinchat":[],"footnotes":""},"categories":[59],"tags":[],"class_list":{"0":"post-70215","1":"post","2":"type-post","3":"status-publish","4":"format-standard","5":"has-post-thumbnail","7":"category-politica"},"amp_enabled":true,"_links":{"self":[{"href":"https:\/\/www.todoeldia.com\/index.php\/wp-json\/wp\/v2\/posts\/70215","targetHints":{"allow":["GET"]}}],"collection":[{"href":"https:\/\/www.todoeldia.com\/index.php\/wp-json\/wp\/v2\/posts"}],"about":[{"href":"https:\/\/www.todoeldia.com\/index.php\/wp-json\/wp\/v2\/types\/post"}],"author":[{"embeddable":true,"href":"https:\/\/www.todoeldia.com\/index.php\/wp-json\/wp\/v2\/users\/2"}],"replies":[{"embeddable":true,"href":"https:\/\/www.todoeldia.com\/index.php\/wp-json\/wp\/v2\/comments?post=70215"}],"version-history":[{"count":1,"href":"https:\/\/www.todoeldia.com\/index.php\/wp-json\/wp\/v2\/posts\/70215\/revisions"}],"predecessor-version":[{"id":70217,"href":"https:\/\/www.todoeldia.com\/index.php\/wp-json\/wp\/v2\/posts\/70215\/revisions\/70217"}],"wp:featuredmedia":[{"embeddable":true,"href":"https:\/\/www.todoeldia.com\/index.php\/wp-json\/wp\/v2\/media\/70216"}],"wp:attachment":[{"href":"https:\/\/www.todoeldia.com\/index.php\/wp-json\/wp\/v2\/media?parent=70215"}],"wp:term":[{"taxonomy":"category","embeddable":true,"href":"https:\/\/www.todoeldia.com\/index.php\/wp-json\/wp\/v2\/categories?post=70215"},{"taxonomy":"post_tag","embeddable":true,"href":"https:\/\/www.todoeldia.com\/index.php\/wp-json\/wp\/v2\/tags?post=70215"}],"curies":[{"name":"wp","href":"https:\/\/api.w.org\/{rel}","templated":true}]}}