{"id":70218,"date":"2023-12-23T13:19:51","date_gmt":"2023-12-23T16:19:51","guid":{"rendered":"https:\/\/www.todoeldia.com\/?p=70218"},"modified":"2023-12-23T13:19:51","modified_gmt":"2023-12-23T16:19:51","slug":"confirmado-jonatan-viale-se-suma-a-tn-siempre-fue-mi-sueno-trabajar-aca","status":"publish","type":"post","link":"https:\/\/www.todoeldia.com\/index.php\/2023\/12\/23\/confirmado-jonatan-viale-se-suma-a-tn-siempre-fue-mi-sueno-trabajar-aca\/","title":{"rendered":"Confirmado, Jonatan Viale se suma a TN: \u201cSiempre fue mi sue\u00f1o trabajar ac\u00e1\u201d"},"content":{"rendered":"\n<p>En di\u00e1logo con TN Show, el conductor dio detalles de su llegada al canal y adelant\u00f3 qui\u00e9nes ser\u00e1n los periodistas que lo acompa\u00f1ar\u00e1n.<\/p>\n\n\n\n<p>Jonatan Viale se suma a la pantalla de TN con programa propio. El conductor debutar\u00e1 en febrero de 2024. En di\u00e1logo con TN Show, dio detalles de su nuevo ciclo.<\/p>\n\n\n\n<p>\u201cEstoy muy contento. Estoy conociendo Artear, TN, eltrece. Me hicieron el tour&#8230; estoy feliz, como un nene con chiche nuevo. Ahora ya lo puedo contar: voy a estar de lunes a viernes, de 21 a 22\u2033, dijo el periodista.<\/p>\n\n\n\n<p>Viale indic\u00f3: \u201cSiempre fue mi sue\u00f1o trabajar ac\u00e1, en TN, as\u00ed que estamos armando el equipo. Por lo que s\u00e9, va a ser un equipo de lujo\u201d.<\/p>\n\n\n\n<p>\u201cVa a ser un programa pol\u00edtico, de actualidad, con tal vez alg\u00fan comentario editorial, la figura del d\u00eda, invitados, columnistas. Va a ser un modelo period\u00edstico interesante para un a\u00f1o que va a ser fuerte, porque es el primer a\u00f1o de la presidencia de Milei\u201d, a\u00f1adi\u00f3.<\/p>\n\n\n\n<p>Respecto al ciclo que conducir\u00e1, agreg\u00f3: \u201cEl pase lo vamos a hacer con Diego Sehinkman, que es amigo, lo admiro y es uno de los mejores periodistas del pa\u00eds. Tambi\u00e9n va a estar Ariel Tarico, que yo ya trabajo con \u00e9l en Radio Rivadavia, as\u00ed que, primero, nos vamos a matar de la risa; segundo, creo que se puede hacer un poquito de show pol\u00edtico, con buen humor, con buena leche, y con buena fe\u201d.<\/p>\n","protected":false},"excerpt":{"rendered":"<p>En di\u00e1logo con TN Show, el conductor dio detalles de su llegada al canal y adelant\u00f3 qui\u00e9nes ser\u00e1n los periodistas que lo acompa\u00f1ar\u00e1n. Jonatan Viale se suma a la pantalla de TN con programa propio. El conductor debutar\u00e1 en febrero de 2024. En di\u00e1logo con TN Show, dio detalles de su nuevo ciclo. \u201cEstoy muy [&hellip;]<\/p>\n","protected":false},"author":2,"featured_media":70219,"comment_status":"open","ping_status":"open","sticky":false,"template":"","format":"standard","meta":{"tdm_status":"","tdm_grid_status":"","_joinchat":[],"footnotes":""},"categories":[73],"tags":[],"class_list":{"0":"post-70218","1":"post","2":"type-post","3":"status-publish","4":"format-standard","5":"has-post-thumbnail","7":"category-noticias-general"},"amp_enabled":true,"_links":{"self":[{"href":"https:\/\/www.todoeldia.com\/index.php\/wp-json\/wp\/v2\/posts\/70218","targetHints":{"allow":["GET"]}}],"collection":[{"href":"https:\/\/www.todoeldia.com\/index.php\/wp-json\/wp\/v2\/posts"}],"about":[{"href":"https:\/\/www.todoeldia.com\/index.php\/wp-json\/wp\/v2\/types\/post"}],"author":[{"embeddable":true,"href":"https:\/\/www.todoeldia.com\/index.php\/wp-json\/wp\/v2\/users\/2"}],"replies":[{"embeddable":true,"href":"https:\/\/www.todoeldia.com\/index.php\/wp-json\/wp\/v2\/comments?post=70218"}],"version-history":[{"count":1,"href":"https:\/\/www.todoeldia.com\/index.php\/wp-json\/wp\/v2\/posts\/70218\/revisions"}],"predecessor-version":[{"id":70220,"href":"https:\/\/www.todoeldia.com\/index.php\/wp-json\/wp\/v2\/posts\/70218\/revisions\/70220"}],"wp:featuredmedia":[{"embeddable":true,"href":"https:\/\/www.todoeldia.com\/index.php\/wp-json\/wp\/v2\/media\/70219"}],"wp:attachment":[{"href":"https:\/\/www.todoeldia.com\/index.php\/wp-json\/wp\/v2\/media?parent=70218"}],"wp:term":[{"taxonomy":"category","embeddable":true,"href":"https:\/\/www.todoeldia.com\/index.php\/wp-json\/wp\/v2\/categories?post=70218"},{"taxonomy":"post_tag","embeddable":true,"href":"https:\/\/www.todoeldia.com\/index.php\/wp-json\/wp\/v2\/tags?post=70218"}],"curies":[{"name":"wp","href":"https:\/\/api.w.org\/{rel}","templated":true}]}}