{"id":70221,"date":"2023-12-23T13:45:27","date_gmt":"2023-12-23T16:45:27","guid":{"rendered":"https:\/\/www.todoeldia.com\/?p=70221"},"modified":"2023-12-23T14:20:06","modified_gmt":"2023-12-23T17:20:06","slug":"un-joven-murio-apunalado-en-metan","status":"publish","type":"post","link":"https:\/\/www.todoeldia.com\/index.php\/2023\/12\/23\/un-joven-murio-apunalado-en-metan\/","title":{"rendered":"Un joven muri\u00f3 apu\u00f1alado en Met\u00e1n"},"content":{"rendered":"\n<p>Esta ma\u00f1ana, alrededor de las 10:00, ingres\u00f3 un llamado al Centro de Coordinaci\u00f3n Operativa de Met\u00e1n alertando sobre un desorden y una persona lesionada en barrio Marcos Avellaneda. En consecuencia, al lugar se enviaron los recursos que constataron lo alertado e implantaron una cobertura preventiva en el lugar.<\/p>\n\n\n\n<p>La v\u00edctima, un joven de 25 a\u00f1os identificado como Leonel Jerez fue lesionado por otro masculino con un arma blanca en la v\u00eda p\u00fablica, fue asistido y trasladado hacia el hospital del Carmen donde falleci\u00f3.<\/p>\n\n\n\n<p>En el lugar trabaj\u00f3 la Comisaria Primera, Divisi\u00f3n Seguridad Urbana e Infanter\u00eda. Por su parte, el Grupo T\u00e9cnico Criminal\u00edstica realiz\u00f3 la documentaci\u00f3n de la escena y el secuestro de elementos.<\/p>\n\n\n\n<p>En relaci\u00f3n al sospechoso, bajo la direcci\u00f3n de la Fiscal\u00eda Penal N\u00b0 1, la Brigada de Investigaciones despleg\u00f3 un importante operativo para dar con el paradero del mismo.<\/p>\n\n\n\n<p>Familiares del joven asesinado con un arma blanca esta ma\u00f1ana en calle San Mart\u00edn al 600 en la ciudad de Metan intentaron ingresar al domicilio del acusado. Intervino personal policial y hubo incidentes.<\/p>\n\n\n\n<p>Personal policial detuvo a un hombre que estaba con un machete y hab\u00eda roto los vidrios del domicilio.<\/p>\n\n\n\n<p>El acusado sigue pr\u00f3fugo y es intensamente buscado por la polic\u00eda.<\/p>\n\n\n\n<figure class=\"wp-block-image size-large\"><img loading=\"lazy\" decoding=\"async\" width=\"1024\" height=\"616\" src=\"https:\/\/www.todoeldia.com\/wp-content\/uploads\/2023\/12\/image-164-1024x616.png\" alt=\"\" class=\"wp-image-70224\" srcset=\"https:\/\/www.todoeldia.com\/wp-content\/uploads\/2023\/12\/image-164-1024x616.png 1024w, https:\/\/www.todoeldia.com\/wp-content\/uploads\/2023\/12\/image-164-300x180.png 300w, https:\/\/www.todoeldia.com\/wp-content\/uploads\/2023\/12\/image-164-768x462.png 768w, https:\/\/www.todoeldia.com\/wp-content\/uploads\/2023\/12\/image-164-696x419.png 696w, https:\/\/www.todoeldia.com\/wp-content\/uploads\/2023\/12\/image-164-698x420.png 698w, https:\/\/www.todoeldia.com\/wp-content\/uploads\/2023\/12\/image-164.png 1031w\" sizes=\"auto, (max-width: 1024px) 100vw, 1024px\" \/><\/figure>\n\n\n\n<p>El periodista Adri\u00e1n Quiroga que se encontraba transmitiendo los incidentes en barrio Marco Avellaneda, fue amenazado con un machete por un familiar del joven asesinado esta ma\u00f1ana.<\/p>\n\n\n\n<p>En medio del clima de tensi\u00f3n por los incidentes que se registraron en la zona del barrio Marco Avellaneda el periodista Adrian Quiroga que se encontraba realizando la cobertura de los hechos en vivo, fue amenazado por un familiar del joven asesinado visiblemente alterado por la situaci\u00f3n.&nbsp;<\/p>\n\n\n\n<p>El hombre se acerc\u00f3 al periodista con un machete en la mano exigi\u00e9ndole que no grabe y con el mismo le golpe\u00f3 en el brazo en una clara se\u00f1al intimidante. La situaci\u00f3n se observ\u00f3 en la transmisi\u00f3n en vivo que realiz\u00f3 El Vocero desde el lugar.<\/p>\n","protected":false},"excerpt":{"rendered":"<p>Esta ma\u00f1ana, alrededor de las 10:00, ingres\u00f3 un llamado al Centro de Coordinaci\u00f3n Operativa de Met\u00e1n alertando sobre un desorden y una persona lesionada en barrio Marcos Avellaneda. En consecuencia, al lugar se enviaron los recursos que constataron lo alertado e implantaron una cobertura preventiva en el lugar. La v\u00edctima, un joven de 25 a\u00f1os [&hellip;]<\/p>\n","protected":false},"author":2,"featured_media":70222,"comment_status":"open","ping_status":"open","sticky":false,"template":"","format":"standard","meta":{"tdm_status":"","tdm_grid_status":"","_joinchat":[],"footnotes":""},"categories":[63],"tags":[],"class_list":{"0":"post-70221","1":"post","2":"type-post","3":"status-publish","4":"format-standard","5":"has-post-thumbnail","7":"category-policiales"},"amp_enabled":true,"_links":{"self":[{"href":"https:\/\/www.todoeldia.com\/index.php\/wp-json\/wp\/v2\/posts\/70221","targetHints":{"allow":["GET"]}}],"collection":[{"href":"https:\/\/www.todoeldia.com\/index.php\/wp-json\/wp\/v2\/posts"}],"about":[{"href":"https:\/\/www.todoeldia.com\/index.php\/wp-json\/wp\/v2\/types\/post"}],"author":[{"embeddable":true,"href":"https:\/\/www.todoeldia.com\/index.php\/wp-json\/wp\/v2\/users\/2"}],"replies":[{"embeddable":true,"href":"https:\/\/www.todoeldia.com\/index.php\/wp-json\/wp\/v2\/comments?post=70221"}],"version-history":[{"count":4,"href":"https:\/\/www.todoeldia.com\/index.php\/wp-json\/wp\/v2\/posts\/70221\/revisions"}],"predecessor-version":[{"id":70229,"href":"https:\/\/www.todoeldia.com\/index.php\/wp-json\/wp\/v2\/posts\/70221\/revisions\/70229"}],"wp:featuredmedia":[{"embeddable":true,"href":"https:\/\/www.todoeldia.com\/index.php\/wp-json\/wp\/v2\/media\/70222"}],"wp:attachment":[{"href":"https:\/\/www.todoeldia.com\/index.php\/wp-json\/wp\/v2\/media?parent=70221"}],"wp:term":[{"taxonomy":"category","embeddable":true,"href":"https:\/\/www.todoeldia.com\/index.php\/wp-json\/wp\/v2\/categories?post=70221"},{"taxonomy":"post_tag","embeddable":true,"href":"https:\/\/www.todoeldia.com\/index.php\/wp-json\/wp\/v2\/tags?post=70221"}],"curies":[{"name":"wp","href":"https:\/\/api.w.org\/{rel}","templated":true}]}}