{"id":70247,"date":"2023-12-24T10:52:07","date_gmt":"2023-12-24T13:52:07","guid":{"rendered":"https:\/\/www.todoeldia.com\/?p=70247"},"modified":"2023-12-24T10:52:10","modified_gmt":"2023-12-24T13:52:10","slug":"hay-que-respetar-la-palabra-como-pamela-caletti-no-termino-de-armar-un-bloque-que-ya-se-dio-vuelta","status":"publish","type":"post","link":"https:\/\/www.todoeldia.com\/index.php\/2023\/12\/24\/hay-que-respetar-la-palabra-como-pamela-caletti-no-termino-de-armar-un-bloque-que-ya-se-dio-vuelta\/","title":{"rendered":"Hay que respetar la palabra como Pamela Caletti: no termino de armar un bloque que ya se dio vuelta"},"content":{"rendered":"\n<p>Innovaci\u00f3n Federal era conducido desde hace unos d\u00edas por Pamela Caletti. Lo integraban Pablo Outes y Yolanda Vega por Salta; Carlos Fern\u00e1ndez, Daniel Vancsik, Yamila Ruiz y Alberto Arr\u00faa por Misiones; Osvaldo Llancafilo por Neuqu\u00e9n y Agust\u00edn Domingo por R\u00edo Negro.<\/p>\n\n\n\n<p>Ante la nueva configuraci\u00f3n pol\u00edtica en el pa\u00eds, a los fines de representar y defender los intereses de las provincias y el federalismo diputados de diversas provincias decidieron conformar un nuevo bloque en la C\u00e1mara de Diputados de la Naci\u00f3n, denominado Innovaci\u00f3n Federal.<\/p>\n\n\n\n<p>\u201cEn este especial contexto pol\u00edtico del pa\u00eds enfrentamos el enorme desaf\u00edo de llevar la voz de las provincias al Congreso de la Naci\u00f3n, de defender sus intereses buscando el progreso de la Argentina con visi\u00f3n federal\u201d, se\u00f1al\u00f3 Pamela Calletti, presidenta del bloque Innovaci\u00f3n Federal.<\/p>\n\n\n\n<p>No pas\u00f3 ni una semana y ya Pamela Calletti se \u201cpanqueque\u00f3\u201d, ahora se sum\u00f3 a un interbloque con macristas y libertarios<\/p>\n\n\n\n<p>El pasado martes 32 diputados nacionales presentaron un nuevo bloque denominado \u201cAcuerdo Parlamentario\u201d m\u00e1s ligado al gobierno libertario que a la oposici\u00f3n. Entre los firmantes, aparece la diputada salte\u00f1a Pamela Calletti que antes figuraba en Innovaci\u00f3n Federal. Anteriormente estuvo junto al oficialismo con Massa, el PJ k y los Kirchneristas.<\/p>\n","protected":false},"excerpt":{"rendered":"<p>Innovaci\u00f3n Federal era conducido desde hace unos d\u00edas por Pamela Caletti. Lo integraban Pablo Outes y Yolanda Vega por Salta; Carlos Fern\u00e1ndez, Daniel Vancsik, Yamila Ruiz y Alberto Arr\u00faa por Misiones; Osvaldo Llancafilo por Neuqu\u00e9n y Agust\u00edn Domingo por R\u00edo Negro. Ante la nueva configuraci\u00f3n pol\u00edtica en el pa\u00eds, a los fines de representar y [&hellip;]<\/p>\n","protected":false},"author":2,"featured_media":36076,"comment_status":"open","ping_status":"open","sticky":false,"template":"","format":"standard","meta":{"tdm_status":"","tdm_grid_status":"","_joinchat":[],"footnotes":""},"categories":[59],"tags":[],"class_list":{"0":"post-70247","1":"post","2":"type-post","3":"status-publish","4":"format-standard","5":"has-post-thumbnail","7":"category-politica"},"amp_enabled":true,"_links":{"self":[{"href":"https:\/\/www.todoeldia.com\/index.php\/wp-json\/wp\/v2\/posts\/70247","targetHints":{"allow":["GET"]}}],"collection":[{"href":"https:\/\/www.todoeldia.com\/index.php\/wp-json\/wp\/v2\/posts"}],"about":[{"href":"https:\/\/www.todoeldia.com\/index.php\/wp-json\/wp\/v2\/types\/post"}],"author":[{"embeddable":true,"href":"https:\/\/www.todoeldia.com\/index.php\/wp-json\/wp\/v2\/users\/2"}],"replies":[{"embeddable":true,"href":"https:\/\/www.todoeldia.com\/index.php\/wp-json\/wp\/v2\/comments?post=70247"}],"version-history":[{"count":1,"href":"https:\/\/www.todoeldia.com\/index.php\/wp-json\/wp\/v2\/posts\/70247\/revisions"}],"predecessor-version":[{"id":70248,"href":"https:\/\/www.todoeldia.com\/index.php\/wp-json\/wp\/v2\/posts\/70247\/revisions\/70248"}],"wp:featuredmedia":[{"embeddable":true,"href":"https:\/\/www.todoeldia.com\/index.php\/wp-json\/wp\/v2\/media\/36076"}],"wp:attachment":[{"href":"https:\/\/www.todoeldia.com\/index.php\/wp-json\/wp\/v2\/media?parent=70247"}],"wp:term":[{"taxonomy":"category","embeddable":true,"href":"https:\/\/www.todoeldia.com\/index.php\/wp-json\/wp\/v2\/categories?post=70247"},{"taxonomy":"post_tag","embeddable":true,"href":"https:\/\/www.todoeldia.com\/index.php\/wp-json\/wp\/v2\/tags?post=70247"}],"curies":[{"name":"wp","href":"https:\/\/api.w.org\/{rel}","templated":true}]}}