{"id":70257,"date":"2023-12-24T17:15:14","date_gmt":"2023-12-24T20:15:14","guid":{"rendered":"https:\/\/www.todoeldia.com\/?p=70257"},"modified":"2023-12-24T17:15:18","modified_gmt":"2023-12-24T20:15:18","slug":"un-peugeot-choco-de-frente-con-un-colectivo-a-metros-del-acceso-a-santa-ana","status":"publish","type":"post","link":"https:\/\/www.todoeldia.com\/index.php\/2023\/12\/24\/un-peugeot-choco-de-frente-con-un-colectivo-a-metros-del-acceso-a-santa-ana\/","title":{"rendered":"Un Peugeot choco de frente con un colectivo a metros del acceso a Santa Ana"},"content":{"rendered":"\n<p>Un tr\u00e1gico accidente en la curva pasando Santa Ana hacia Cerrillos dej\u00f3 un saldo de 4 heridos uno de ellos de gravedad.<\/p>\n\n\n\n<figure class=\"wp-block-image size-full is-resized\"><img loading=\"lazy\" decoding=\"async\" width=\"564\" height=\"570\" src=\"https:\/\/www.todoeldia.com\/wp-content\/uploads\/2023\/12\/image-166.png\" alt=\"\" class=\"wp-image-70259\" style=\"width:914px;height:auto\" srcset=\"https:\/\/www.todoeldia.com\/wp-content\/uploads\/2023\/12\/image-166.png 564w, https:\/\/www.todoeldia.com\/wp-content\/uploads\/2023\/12\/image-166-297x300.png 297w, https:\/\/www.todoeldia.com\/wp-content\/uploads\/2023\/12\/image-166-300x303.png 300w, https:\/\/www.todoeldia.com\/wp-content\/uploads\/2023\/12\/image-166-416x420.png 416w\" sizes=\"auto, (max-width: 564px) 100vw, 564px\" \/><\/figure>\n\n\n\n<p>El siniestro se produjo entre un colectivo de SAETA que ven\u00eda de Chicoana y un Peugeot. El conductor del autom\u00f3vil fue rescatado por los bomberos de los hierros retorcidos y derivado en grave estado al hospital San Bernardo.<\/p>\n\n\n\n<figure class=\"wp-block-image size-full is-resized\"><img loading=\"lazy\" decoding=\"async\" width=\"720\" height=\"835\" src=\"https:\/\/www.todoeldia.com\/wp-content\/uploads\/2023\/12\/image-167.png\" alt=\"\" class=\"wp-image-70260\" style=\"width:914px;height:auto\" srcset=\"https:\/\/www.todoeldia.com\/wp-content\/uploads\/2023\/12\/image-167.png 720w, https:\/\/www.todoeldia.com\/wp-content\/uploads\/2023\/12\/image-167-259x300.png 259w, https:\/\/www.todoeldia.com\/wp-content\/uploads\/2023\/12\/image-167-300x348.png 300w, https:\/\/www.todoeldia.com\/wp-content\/uploads\/2023\/12\/image-167-696x807.png 696w, https:\/\/www.todoeldia.com\/wp-content\/uploads\/2023\/12\/image-167-362x420.png 362w\" sizes=\"auto, (max-width: 720px) 100vw, 720px\" \/><\/figure>\n\n\n\n<p>Mientras tanto el chofer del colectivo y dos pasajeros del \u00f3mnibus tambien fueron trasladados al establecimiento asistencial con heridas leves.<\/p>\n\n\n\n<figure class=\"wp-block-image size-full\"><img loading=\"lazy\" decoding=\"async\" width=\"899\" height=\"758\" src=\"https:\/\/www.todoeldia.com\/wp-content\/uploads\/2023\/12\/image-168.png\" alt=\"\" class=\"wp-image-70261\" srcset=\"https:\/\/www.todoeldia.com\/wp-content\/uploads\/2023\/12\/image-168.png 899w, https:\/\/www.todoeldia.com\/wp-content\/uploads\/2023\/12\/image-168-300x253.png 300w, https:\/\/www.todoeldia.com\/wp-content\/uploads\/2023\/12\/image-168-768x648.png 768w, https:\/\/www.todoeldia.com\/wp-content\/uploads\/2023\/12\/image-168-696x587.png 696w, https:\/\/www.todoeldia.com\/wp-content\/uploads\/2023\/12\/image-168-498x420.png 498w\" sizes=\"auto, (max-width: 899px) 100vw, 899px\" \/><\/figure>\n\n\n\n<p>Dos ambulancias asistieron a los heridos, y trabajaron Bomberos, polic\u00edas y personal del CIF para determinar las causas del siniestro.<\/p>\n\n\n\n<figure class=\"wp-block-image size-full is-resized\"><img loading=\"lazy\" decoding=\"async\" width=\"720\" height=\"910\" src=\"https:\/\/www.todoeldia.com\/wp-content\/uploads\/2023\/12\/image-169.png\" alt=\"\" class=\"wp-image-70262\" style=\"width:914px;height:auto\" srcset=\"https:\/\/www.todoeldia.com\/wp-content\/uploads\/2023\/12\/image-169.png 720w, https:\/\/www.todoeldia.com\/wp-content\/uploads\/2023\/12\/image-169-237x300.png 237w, https:\/\/www.todoeldia.com\/wp-content\/uploads\/2023\/12\/image-169-300x379.png 300w, https:\/\/www.todoeldia.com\/wp-content\/uploads\/2023\/12\/image-169-696x880.png 696w, https:\/\/www.todoeldia.com\/wp-content\/uploads\/2023\/12\/image-169-332x420.png 332w\" sizes=\"auto, (max-width: 720px) 100vw, 720px\" \/><\/figure>\n\n\n\n<p>El transito permaneci\u00f3 cortado durante un largo per\u00edodo ocasionando numerosos inconvenientes en la zona.<\/p>\n","protected":false},"excerpt":{"rendered":"<p>Un tr\u00e1gico accidente en la curva pasando Santa Ana hacia Cerrillos dej\u00f3 un saldo de 4 heridos uno de ellos de gravedad. El siniestro se produjo entre un colectivo de SAETA que ven\u00eda de Chicoana y un Peugeot. El conductor del autom\u00f3vil fue rescatado por los bomberos de los hierros retorcidos y derivado en grave [&hellip;]<\/p>\n","protected":false},"author":2,"featured_media":70258,"comment_status":"open","ping_status":"open","sticky":false,"template":"","format":"standard","meta":{"tdm_status":"","tdm_grid_status":"","_joinchat":[],"footnotes":""},"categories":[63],"tags":[],"class_list":{"0":"post-70257","1":"post","2":"type-post","3":"status-publish","4":"format-standard","5":"has-post-thumbnail","7":"category-policiales"},"amp_enabled":true,"_links":{"self":[{"href":"https:\/\/www.todoeldia.com\/index.php\/wp-json\/wp\/v2\/posts\/70257","targetHints":{"allow":["GET"]}}],"collection":[{"href":"https:\/\/www.todoeldia.com\/index.php\/wp-json\/wp\/v2\/posts"}],"about":[{"href":"https:\/\/www.todoeldia.com\/index.php\/wp-json\/wp\/v2\/types\/post"}],"author":[{"embeddable":true,"href":"https:\/\/www.todoeldia.com\/index.php\/wp-json\/wp\/v2\/users\/2"}],"replies":[{"embeddable":true,"href":"https:\/\/www.todoeldia.com\/index.php\/wp-json\/wp\/v2\/comments?post=70257"}],"version-history":[{"count":2,"href":"https:\/\/www.todoeldia.com\/index.php\/wp-json\/wp\/v2\/posts\/70257\/revisions"}],"predecessor-version":[{"id":70264,"href":"https:\/\/www.todoeldia.com\/index.php\/wp-json\/wp\/v2\/posts\/70257\/revisions\/70264"}],"wp:featuredmedia":[{"embeddable":true,"href":"https:\/\/www.todoeldia.com\/index.php\/wp-json\/wp\/v2\/media\/70258"}],"wp:attachment":[{"href":"https:\/\/www.todoeldia.com\/index.php\/wp-json\/wp\/v2\/media?parent=70257"}],"wp:term":[{"taxonomy":"category","embeddable":true,"href":"https:\/\/www.todoeldia.com\/index.php\/wp-json\/wp\/v2\/categories?post=70257"},{"taxonomy":"post_tag","embeddable":true,"href":"https:\/\/www.todoeldia.com\/index.php\/wp-json\/wp\/v2\/tags?post=70257"}],"curies":[{"name":"wp","href":"https:\/\/api.w.org\/{rel}","templated":true}]}}