{"id":70275,"date":"2023-12-25T13:49:24","date_gmt":"2023-12-25T16:49:24","guid":{"rendered":"https:\/\/www.todoeldia.com\/?p=70275"},"modified":"2023-12-25T13:49:24","modified_gmt":"2023-12-25T16:49:24","slug":"por-la-suba-de-casos-de-dengue-pidieron-incrementar-las-medidas-de-prevencion","status":"publish","type":"post","link":"https:\/\/www.todoeldia.com\/index.php\/2023\/12\/25\/por-la-suba-de-casos-de-dengue-pidieron-incrementar-las-medidas-de-prevencion\/","title":{"rendered":"Por la suba de casos de dengue, pidieron incrementar las medidas de prevenci\u00f3n"},"content":{"rendered":"\n<p>El Ministerio de Salud inform\u00f3 que hubo aumento de positivos en las \u00faltimas cuatro semanas por la llegada del fen\u00f3meno clim\u00e1tico de El Ni\u00f1o y las altas temperaturas.<\/p>\n\n\n\n<p>El Ministerio de Salud de la Naci\u00f3n inform\u00f3 que hubo un aumento de casos de dengue en el pa\u00eds y por este motivo advirtieron sobre la necesidad de incrementar las medidas de prevenci\u00f3n.<\/p>\n\n\n\n<p>Seg\u00fan el \u00faltimo comunicado de prensa, estas condiciones de aumento se originaron en las \u00faltimas cuatro semanas por la llegada del fen\u00f3meno clim\u00e1tico de El Ni\u00f1o y las altas temperaturas.<\/p>\n\n\n\n<p>\u201cEn Argentina se ha registrado persistencia de casos de dengue durante la temporada invernal en la regi\u00f3n del Noreste y los primeros casos aut\u00f3ctonos en las \u00faltimas semanas en provincias de las regiones Centro y Noroeste, tanto como un aumento en el n\u00famero promedio de casos\u201d, destaca el comunicado.<\/p>\n\n\n\n<p>All\u00ed destacan que este n\u00famero se debe a la abundancia de lluvias y altas temperaturas asociadas con el fen\u00f3meno de El Ni\u00f1o que \u201cgeneran condiciones ambientales favorables para la proliferaci\u00f3n de mosquitos\u201d.<\/p>\n\n\n\n<p>Otra de las cuestiones que informan desde la cartera sanitaria es que se \u201cevidenci\u00f3 la presencia de mosquitos Aedes aegypti en zonas geogr\u00e1ficas donde antes no se los encontraba\u201d.<\/p>\n\n\n\n<p>\u201cEn este contexto epidemiol\u00f3gico y ante la proximidad de las fiestas, momento en el cual un importante n\u00famero de ciudadanos y ciudadanas se desplazar\u00e1n por diferentes lugares del pa\u00eds y de los pa\u00edses lim\u00edtrofes, se recuerda que es necesario protegerse de la picadura de mosquitos\u201d, manifestaron.<\/p>\n","protected":false},"excerpt":{"rendered":"<p>El Ministerio de Salud inform\u00f3 que hubo aumento de positivos en las \u00faltimas cuatro semanas por la llegada del fen\u00f3meno clim\u00e1tico de El Ni\u00f1o y las altas temperaturas. El Ministerio de Salud de la Naci\u00f3n inform\u00f3 que hubo un aumento de casos de dengue en el pa\u00eds y por este motivo advirtieron sobre la necesidad [&hellip;]<\/p>\n","protected":false},"author":2,"featured_media":70276,"comment_status":"open","ping_status":"open","sticky":false,"template":"","format":"standard","meta":{"tdm_status":"","tdm_grid_status":"","_joinchat":[],"footnotes":""},"categories":[73],"tags":[],"class_list":{"0":"post-70275","1":"post","2":"type-post","3":"status-publish","4":"format-standard","5":"has-post-thumbnail","7":"category-noticias-general"},"amp_enabled":true,"_links":{"self":[{"href":"https:\/\/www.todoeldia.com\/index.php\/wp-json\/wp\/v2\/posts\/70275","targetHints":{"allow":["GET"]}}],"collection":[{"href":"https:\/\/www.todoeldia.com\/index.php\/wp-json\/wp\/v2\/posts"}],"about":[{"href":"https:\/\/www.todoeldia.com\/index.php\/wp-json\/wp\/v2\/types\/post"}],"author":[{"embeddable":true,"href":"https:\/\/www.todoeldia.com\/index.php\/wp-json\/wp\/v2\/users\/2"}],"replies":[{"embeddable":true,"href":"https:\/\/www.todoeldia.com\/index.php\/wp-json\/wp\/v2\/comments?post=70275"}],"version-history":[{"count":1,"href":"https:\/\/www.todoeldia.com\/index.php\/wp-json\/wp\/v2\/posts\/70275\/revisions"}],"predecessor-version":[{"id":70277,"href":"https:\/\/www.todoeldia.com\/index.php\/wp-json\/wp\/v2\/posts\/70275\/revisions\/70277"}],"wp:featuredmedia":[{"embeddable":true,"href":"https:\/\/www.todoeldia.com\/index.php\/wp-json\/wp\/v2\/media\/70276"}],"wp:attachment":[{"href":"https:\/\/www.todoeldia.com\/index.php\/wp-json\/wp\/v2\/media?parent=70275"}],"wp:term":[{"taxonomy":"category","embeddable":true,"href":"https:\/\/www.todoeldia.com\/index.php\/wp-json\/wp\/v2\/categories?post=70275"},{"taxonomy":"post_tag","embeddable":true,"href":"https:\/\/www.todoeldia.com\/index.php\/wp-json\/wp\/v2\/tags?post=70275"}],"curies":[{"name":"wp","href":"https:\/\/api.w.org\/{rel}","templated":true}]}}