{"id":70297,"date":"2023-12-25T21:10:13","date_gmt":"2023-12-26T00:10:13","guid":{"rendered":"https:\/\/www.todoeldia.com\/?p=70297"},"modified":"2023-12-25T21:12:42","modified_gmt":"2023-12-26T00:12:42","slug":"detuvieron-a-un-sospechoso-por-el-crimen-del-hombre-descuartizado-en-lanus-es-el-hijo-de-la-victima","status":"publish","type":"post","link":"https:\/\/www.todoeldia.com\/index.php\/2023\/12\/25\/detuvieron-a-un-sospechoso-por-el-crimen-del-hombre-descuartizado-en-lanus-es-el-hijo-de-la-victima\/","title":{"rendered":"\u201cMe ten\u00eda cansado\u201d: la declaraci\u00f3n del hijo del hombre descuartizado en Lan\u00fas al ser detenido"},"content":{"rendered":"\n<p>Las c\u00e1maras de seguridad complicaron al acusado. Tambi\u00e9n se encontr\u00f3 una cuchilla con rastros de sangre. El arresto fue realizado por la DDI local en una causa a cargo del fiscal Mart\u00edn Rodr\u00edguez<\/p>\n\n\n\n<p>En la ma\u00f1ana de hoy lunes, el cad\u00e1ver de un hombre fue encontrado descuartizado dentro de una valija en una plaza de la zona de Valent\u00edn Alsina, jurisdicci\u00f3n de Lan\u00fas. La v\u00edctima fue identificada como Atilio Pachu, un jubilado de 83 a\u00f1os, que viv\u00eda a tres cuadras del lugar del hallazgo.<\/p>\n\n\n\n<p>Hoy, menos de diez horas despu\u00e9s, tras una investigaci\u00f3n del fiscal Mart\u00edn Rodr\u00edguez, la DDI local de la Polic\u00eda Bonaerense arrest\u00f3 a un sospechoso. Fuentes policiales confirmaron a Infobae que es uno de los hijos de la v\u00edctima, que conviv\u00eda con su padre, un hombre de 46 a\u00f1os, ex empleado de una empresa gastron\u00f3mica. Seg\u00fan confirmaron las mismas fuentes, la pista que lo complic\u00f3 surgi\u00f3 del an\u00e1lisis de una c\u00e1mara de seguridad.<\/p>\n\n\n\n<p>El allanamiento a la casa del acusado comenz\u00f3 a mediados de la tarde de hoy y todav\u00eda no hab\u00eda finalizado al cierre de esta nota, con personal de Polic\u00eda Cient\u00edfica que act\u00faa en el lugar. \u201cEncontramos una cuchilla con manchas de sangre y hay marcas de arrastre en el pasillo\u201d, asevera un investigador.<\/p>\n\n\n\n<p>La valija fue descubierta por un vecino de la zona que lleg\u00f3 hasta el lugar, ubicado en la esquina de Rep\u00fablica Argentina y Paso de la Patria y dio la alerta a las autoridades. El llamado realizado al 911 hablaba de un \u201cobjeto dudoso\u201d. Al lugar lleg\u00f3 personal de la Comisar\u00eda 3\u00b0 de Lan\u00fas que se entrevist\u00f3 con el testigo, que dijo que al salir de su casa vio la valija en cuesti\u00f3n. Al abrirla, se encontr\u00f3 con el cad\u00e1ver. Estaba incompleto, ya que faltaba la cabeza, ambas manos y el pie izquierdo.<\/p>\n\n\n\n<p>Los restos, seg\u00fan el reporte posterior, se encontraban envueltos con una s\u00e1bana con abundantes manchas de sangre. Fueron trasladado a la Morgue Judicial de la jurisdicci\u00f3n para su correspondiente autopsia. La falta de manos y cabeza, desde ya, dificultaba sumamente la identificaci\u00f3n.<\/p>\n","protected":false},"excerpt":{"rendered":"<p>Las c\u00e1maras de seguridad complicaron al acusado. Tambi\u00e9n se encontr\u00f3 una cuchilla con rastros de sangre. El arresto fue realizado por la DDI local en una causa a cargo del fiscal Mart\u00edn Rodr\u00edguez En la ma\u00f1ana de hoy lunes, el cad\u00e1ver de un hombre fue encontrado descuartizado dentro de una valija en una plaza de [&hellip;]<\/p>\n","protected":false},"author":2,"featured_media":70298,"comment_status":"open","ping_status":"open","sticky":false,"template":"","format":"standard","meta":{"tdm_status":"","tdm_grid_status":"","_joinchat":[],"footnotes":""},"categories":[63],"tags":[],"class_list":{"0":"post-70297","1":"post","2":"type-post","3":"status-publish","4":"format-standard","5":"has-post-thumbnail","7":"category-policiales"},"amp_enabled":true,"_links":{"self":[{"href":"https:\/\/www.todoeldia.com\/index.php\/wp-json\/wp\/v2\/posts\/70297","targetHints":{"allow":["GET"]}}],"collection":[{"href":"https:\/\/www.todoeldia.com\/index.php\/wp-json\/wp\/v2\/posts"}],"about":[{"href":"https:\/\/www.todoeldia.com\/index.php\/wp-json\/wp\/v2\/types\/post"}],"author":[{"embeddable":true,"href":"https:\/\/www.todoeldia.com\/index.php\/wp-json\/wp\/v2\/users\/2"}],"replies":[{"embeddable":true,"href":"https:\/\/www.todoeldia.com\/index.php\/wp-json\/wp\/v2\/comments?post=70297"}],"version-history":[{"count":2,"href":"https:\/\/www.todoeldia.com\/index.php\/wp-json\/wp\/v2\/posts\/70297\/revisions"}],"predecessor-version":[{"id":70300,"href":"https:\/\/www.todoeldia.com\/index.php\/wp-json\/wp\/v2\/posts\/70297\/revisions\/70300"}],"wp:featuredmedia":[{"embeddable":true,"href":"https:\/\/www.todoeldia.com\/index.php\/wp-json\/wp\/v2\/media\/70298"}],"wp:attachment":[{"href":"https:\/\/www.todoeldia.com\/index.php\/wp-json\/wp\/v2\/media?parent=70297"}],"wp:term":[{"taxonomy":"category","embeddable":true,"href":"https:\/\/www.todoeldia.com\/index.php\/wp-json\/wp\/v2\/categories?post=70297"},{"taxonomy":"post_tag","embeddable":true,"href":"https:\/\/www.todoeldia.com\/index.php\/wp-json\/wp\/v2\/tags?post=70297"}],"curies":[{"name":"wp","href":"https:\/\/api.w.org\/{rel}","templated":true}]}}