{"id":70301,"date":"2023-12-26T09:50:42","date_gmt":"2023-12-26T12:50:42","guid":{"rendered":"https:\/\/www.todoeldia.com\/?p=70301"},"modified":"2023-12-26T09:50:42","modified_gmt":"2023-12-26T12:50:42","slug":"en-24-horas-cayeron-en-metan-114-milimetros-hubo-inundados-y-evacuados","status":"publish","type":"post","link":"https:\/\/www.todoeldia.com\/index.php\/2023\/12\/26\/en-24-horas-cayeron-en-metan-114-milimetros-hubo-inundados-y-evacuados\/","title":{"rendered":"En 24 horas cayeron en Metan 114 mil\u00edmetros: hubo inundados y evacuados"},"content":{"rendered":"\n<p>La Estaci\u00f3n Climatol\u00f3gica de Metan, confirm\u00f3 que la cantidad de agua registrada entre la tarde del 24 y la del 25 de diciembre, fue de 114 mil\u00edmetros. Esto provoc\u00f3 que el agua desbordara en muchos sectores en la ciudad ingresando agua en viviendas, destruyendo calles, provocando la ca\u00edda de postes y \u00e1rboles, entre otros inconvenientes.<\/p>\n\n\n\n<p>La ruta se mantuvo cortada durante algunos minutos, porque estuvieron trabajando bomberos y personal policial para poder despejar las piedras que hab\u00eda sobre la cinta asf\u00e1ltica impidiendo el tr\u00e1nsito con seguridad.<\/p>\n\n\n\n<p>La Municipalidad, activ\u00f3 un plan integral de asistencia para apoyar a las familias afectadas por el reciente temporal que azot\u00f3 la ciudad este 25 de diciembre.<\/p>\n\n\n\n<p>En una operaci\u00f3n coordinada entre todas las \u00e1reas municipales, Polic\u00eda y Bomberos Voluntarios, se brind\u00f3 respuesta inmediata a las diversas zonas afectadas por la tormenta.<\/p>\n\n\n\n<p>El Complejo Deportivo municipal se puso a disposici\u00f3n como refugio, mientras el intendente y su equipo trabajaron en el traslado de familias a casas de parientes para su resguardo.<\/p>\n\n\n\n<p>La Sub Secretar\u00eda de Seguridad garantiz\u00f3 la seguridad y circulaci\u00f3n en las \u00e1reas afectadas, respondiendo a m\u00faltiples solicitudes, incluyendo la remoci\u00f3n de \u00e1rboles ca\u00eddos para despejar rutas y calles.<\/p>\n\n\n\n<p>Adem\u00e1s, la Secretar\u00eda de Desarrollo Social realiz\u00f3 relevamientos y distribuy\u00f3 chapas, colchones y frazadas, a la espera del personal de Asistencia Cr\u00edtica de la Provincia para ampliar la ayuda a m\u00e1s vecinos.<\/p>\n\n\n\n<p>El Vocero<\/p>\n","protected":false},"excerpt":{"rendered":"<p>La Estaci\u00f3n Climatol\u00f3gica de Metan, confirm\u00f3 que la cantidad de agua registrada entre la tarde del 24 y la del 25 de diciembre, fue de 114 mil\u00edmetros. Esto provoc\u00f3 que el agua desbordara en muchos sectores en la ciudad ingresando agua en viviendas, destruyendo calles, provocando la ca\u00edda de postes y \u00e1rboles, entre otros inconvenientes. [&hellip;]<\/p>\n","protected":false},"author":2,"featured_media":70302,"comment_status":"open","ping_status":"open","sticky":false,"template":"","format":"standard","meta":{"tdm_status":"","tdm_grid_status":"","_joinchat":[],"footnotes":""},"categories":[73],"tags":[],"class_list":{"0":"post-70301","1":"post","2":"type-post","3":"status-publish","4":"format-standard","5":"has-post-thumbnail","7":"category-noticias-general"},"amp_enabled":true,"_links":{"self":[{"href":"https:\/\/www.todoeldia.com\/index.php\/wp-json\/wp\/v2\/posts\/70301","targetHints":{"allow":["GET"]}}],"collection":[{"href":"https:\/\/www.todoeldia.com\/index.php\/wp-json\/wp\/v2\/posts"}],"about":[{"href":"https:\/\/www.todoeldia.com\/index.php\/wp-json\/wp\/v2\/types\/post"}],"author":[{"embeddable":true,"href":"https:\/\/www.todoeldia.com\/index.php\/wp-json\/wp\/v2\/users\/2"}],"replies":[{"embeddable":true,"href":"https:\/\/www.todoeldia.com\/index.php\/wp-json\/wp\/v2\/comments?post=70301"}],"version-history":[{"count":1,"href":"https:\/\/www.todoeldia.com\/index.php\/wp-json\/wp\/v2\/posts\/70301\/revisions"}],"predecessor-version":[{"id":70303,"href":"https:\/\/www.todoeldia.com\/index.php\/wp-json\/wp\/v2\/posts\/70301\/revisions\/70303"}],"wp:featuredmedia":[{"embeddable":true,"href":"https:\/\/www.todoeldia.com\/index.php\/wp-json\/wp\/v2\/media\/70302"}],"wp:attachment":[{"href":"https:\/\/www.todoeldia.com\/index.php\/wp-json\/wp\/v2\/media?parent=70301"}],"wp:term":[{"taxonomy":"category","embeddable":true,"href":"https:\/\/www.todoeldia.com\/index.php\/wp-json\/wp\/v2\/categories?post=70301"},{"taxonomy":"post_tag","embeddable":true,"href":"https:\/\/www.todoeldia.com\/index.php\/wp-json\/wp\/v2\/tags?post=70301"}],"curies":[{"name":"wp","href":"https:\/\/api.w.org\/{rel}","templated":true}]}}