{"id":70304,"date":"2023-12-26T10:12:59","date_gmt":"2023-12-26T13:12:59","guid":{"rendered":"https:\/\/www.todoeldia.com\/?p=70304"},"modified":"2023-12-26T10:13:28","modified_gmt":"2023-12-26T13:13:28","slug":"en-oran-compro-un-auto-en-un-remate-judicial-y-termino-preso-porque-era-robado","status":"publish","type":"post","link":"https:\/\/www.todoeldia.com\/index.php\/2023\/12\/26\/en-oran-compro-un-auto-en-un-remate-judicial-y-termino-preso-porque-era-robado\/","title":{"rendered":"En Or\u00e1n compro un auto en un remate judicial y termino preso porque era robado"},"content":{"rendered":"\n<p>En el mes de setiembre hubo en Or\u00e1n un remate judicial en el galp\u00f3n ubicado hacia el fondo del barrio 20 de febrero.<\/p>\n\n\n\n<p>Un vecino termin\u00f3 comprando un autom\u00f3vil por el que pag\u00f3 un poco m\u00e1s de 5 millones de pesos.<\/p>\n\n\n\n<p>Termin\u00f3 preso al ser detenido en la v\u00eda p\u00fablica por la polic\u00eda ya que circulaba en el veh\u00edculo que hab\u00eda comprado y que result\u00f3 robado y con pedido de secuestro. Lo que no se entiende c\u00f3mo es que la propia justicia determina el remate de un auto que por alguna raz\u00f3n fue secuestrado y luego lo saca a remate, sin hacer las averiguaciones correspondientes para conocer la procedencia del veh\u00edculo.<\/p>\n\n\n\n<p>La noticia de la detenci\u00f3n y secuestro fue inclusive parte oficial de la polic\u00eda, con el conductor detenido al ser descubierto en cercan\u00edas de la Terminal de \u00f3mnibus de Or\u00e1n con un autom\u00f3vil con pedido de secuestro al ser denunciado por robo en Buenos Aires. Fue detenido 5 horas hasta que en la comisar\u00eda escucharon las explicaciones del caso.<\/p>\n\n\n\n<p>Con libertad mediante, empez\u00f3 el peregrinar porque tiene causa judicial en contra contando que el rematador una persona de Salta directamente se desentendi\u00f3 del tema y deambula hoy de una oficina judicial a otra para liberarse del problema judicial.<\/p>\n\n\n\n<p>Solicita que le restituyan el auto o le devuelvan el dinero pagado.<\/p>\n\n\n\n<p>FM G\u00fcemes<\/p>\n","protected":false},"excerpt":{"rendered":"<p>En el mes de setiembre hubo en Or\u00e1n un remate judicial en el galp\u00f3n ubicado hacia el fondo del barrio 20 de febrero. Un vecino termin\u00f3 comprando un autom\u00f3vil por el que pag\u00f3 un poco m\u00e1s de 5 millones de pesos. Termin\u00f3 preso al ser detenido en la v\u00eda p\u00fablica por la polic\u00eda ya que [&hellip;]<\/p>\n","protected":false},"author":2,"featured_media":70305,"comment_status":"open","ping_status":"open","sticky":false,"template":"","format":"standard","meta":{"tdm_status":"","tdm_grid_status":"","_joinchat":[],"footnotes":""},"categories":[63],"tags":[],"class_list":{"0":"post-70304","1":"post","2":"type-post","3":"status-publish","4":"format-standard","5":"has-post-thumbnail","7":"category-policiales"},"amp_enabled":true,"_links":{"self":[{"href":"https:\/\/www.todoeldia.com\/index.php\/wp-json\/wp\/v2\/posts\/70304","targetHints":{"allow":["GET"]}}],"collection":[{"href":"https:\/\/www.todoeldia.com\/index.php\/wp-json\/wp\/v2\/posts"}],"about":[{"href":"https:\/\/www.todoeldia.com\/index.php\/wp-json\/wp\/v2\/types\/post"}],"author":[{"embeddable":true,"href":"https:\/\/www.todoeldia.com\/index.php\/wp-json\/wp\/v2\/users\/2"}],"replies":[{"embeddable":true,"href":"https:\/\/www.todoeldia.com\/index.php\/wp-json\/wp\/v2\/comments?post=70304"}],"version-history":[{"count":2,"href":"https:\/\/www.todoeldia.com\/index.php\/wp-json\/wp\/v2\/posts\/70304\/revisions"}],"predecessor-version":[{"id":70307,"href":"https:\/\/www.todoeldia.com\/index.php\/wp-json\/wp\/v2\/posts\/70304\/revisions\/70307"}],"wp:featuredmedia":[{"embeddable":true,"href":"https:\/\/www.todoeldia.com\/index.php\/wp-json\/wp\/v2\/media\/70305"}],"wp:attachment":[{"href":"https:\/\/www.todoeldia.com\/index.php\/wp-json\/wp\/v2\/media?parent=70304"}],"wp:term":[{"taxonomy":"category","embeddable":true,"href":"https:\/\/www.todoeldia.com\/index.php\/wp-json\/wp\/v2\/categories?post=70304"},{"taxonomy":"post_tag","embeddable":true,"href":"https:\/\/www.todoeldia.com\/index.php\/wp-json\/wp\/v2\/tags?post=70304"}],"curies":[{"name":"wp","href":"https:\/\/api.w.org\/{rel}","templated":true}]}}