{"id":70311,"date":"2023-12-26T14:12:47","date_gmt":"2023-12-26T17:12:47","guid":{"rendered":"https:\/\/www.todoeldia.com\/?p=70311"},"modified":"2023-12-26T14:12:47","modified_gmt":"2023-12-26T17:12:47","slug":"murio-un-automovilista-al-chocar-con-un-poste-de-alumbrado-en-anta","status":"publish","type":"post","link":"https:\/\/www.todoeldia.com\/index.php\/2023\/12\/26\/murio-un-automovilista-al-chocar-con-un-poste-de-alumbrado-en-anta\/","title":{"rendered":"Muri\u00f3 un automovilista al chocar con un poste de alumbrado en Anta"},"content":{"rendered":"\n<p>Esta ma\u00f1ana, efectivos de la Direcci\u00f3n Unidad Regional N\u00b0 9 y peritos en Criminal\u00edstica trabajaron en torno un siniestro vial que tuvo lugar en el acceso norte de la localidad de El Dorado, en el departamento Anta donde un automovilista perdi\u00f3 la vida.<\/p>\n\n\n\n<p>A las 6 de la ma\u00f1ana de hoy, ingres\u00f3 un llamado al Sistema de Emergencias 911 alertando sobre un siniestro vial ocurrido en avenida 9 de Julio y acceso Norte ruta provincial N\u00b0 5 ingreso a esa localidad, de inmediato el Centro de Coordinaci\u00f3n Operativa desplaz\u00f3 recursos al lugar.<\/p>\n\n\n\n<p>Donde se constat\u00f3 la presencia de un hombre tendido sobre la cinta asf\u00e1ltica, cercano a este se encontraba un autom\u00f3vil que por causas que se investigan, el conductor habr\u00eda perdido el control impactado contra un poste del tendido el\u00e9ctrico. De forma inmediata se solicit\u00f3 asistencia sanitaria, quienes constaron el deceso del conductor un hombre de 58 a\u00f1os de edad.<\/p>\n\n\n\n<p>Por su parte investigadores documentaron el hecho a fin de determinar la mec\u00e1nica del siniestro.<\/p>\n\n\n\n<p>Tom\u00f3 intervenci\u00f3n la Fiscal\u00eda Penal de Apolinario Saravia.<\/p>\n","protected":false},"excerpt":{"rendered":"<p>Esta ma\u00f1ana, efectivos de la Direcci\u00f3n Unidad Regional N\u00b0 9 y peritos en Criminal\u00edstica trabajaron en torno un siniestro vial que tuvo lugar en el acceso norte de la localidad de El Dorado, en el departamento Anta donde un automovilista perdi\u00f3 la vida. A las 6 de la ma\u00f1ana de hoy, ingres\u00f3 un llamado al [&hellip;]<\/p>\n","protected":false},"author":2,"featured_media":70312,"comment_status":"open","ping_status":"open","sticky":false,"template":"","format":"standard","meta":{"tdm_status":"","tdm_grid_status":"","_joinchat":[],"footnotes":""},"categories":[63],"tags":[],"class_list":{"0":"post-70311","1":"post","2":"type-post","3":"status-publish","4":"format-standard","5":"has-post-thumbnail","7":"category-policiales"},"amp_enabled":true,"_links":{"self":[{"href":"https:\/\/www.todoeldia.com\/index.php\/wp-json\/wp\/v2\/posts\/70311","targetHints":{"allow":["GET"]}}],"collection":[{"href":"https:\/\/www.todoeldia.com\/index.php\/wp-json\/wp\/v2\/posts"}],"about":[{"href":"https:\/\/www.todoeldia.com\/index.php\/wp-json\/wp\/v2\/types\/post"}],"author":[{"embeddable":true,"href":"https:\/\/www.todoeldia.com\/index.php\/wp-json\/wp\/v2\/users\/2"}],"replies":[{"embeddable":true,"href":"https:\/\/www.todoeldia.com\/index.php\/wp-json\/wp\/v2\/comments?post=70311"}],"version-history":[{"count":1,"href":"https:\/\/www.todoeldia.com\/index.php\/wp-json\/wp\/v2\/posts\/70311\/revisions"}],"predecessor-version":[{"id":70313,"href":"https:\/\/www.todoeldia.com\/index.php\/wp-json\/wp\/v2\/posts\/70311\/revisions\/70313"}],"wp:featuredmedia":[{"embeddable":true,"href":"https:\/\/www.todoeldia.com\/index.php\/wp-json\/wp\/v2\/media\/70312"}],"wp:attachment":[{"href":"https:\/\/www.todoeldia.com\/index.php\/wp-json\/wp\/v2\/media?parent=70311"}],"wp:term":[{"taxonomy":"category","embeddable":true,"href":"https:\/\/www.todoeldia.com\/index.php\/wp-json\/wp\/v2\/categories?post=70311"},{"taxonomy":"post_tag","embeddable":true,"href":"https:\/\/www.todoeldia.com\/index.php\/wp-json\/wp\/v2\/tags?post=70311"}],"curies":[{"name":"wp","href":"https:\/\/api.w.org\/{rel}","templated":true}]}}