{"id":70361,"date":"2023-12-27T11:18:27","date_gmt":"2023-12-27T14:18:27","guid":{"rendered":"https:\/\/www.todoeldia.com\/?p=70361"},"modified":"2023-12-27T11:18:27","modified_gmt":"2023-12-27T14:18:27","slug":"mimessi-dejo-una-deuda-de-351-millones-de-pesos-y-una-sancion-del-banco-central","status":"publish","type":"post","link":"https:\/\/www.todoeldia.com\/index.php\/2023\/12\/27\/mimessi-dejo-una-deuda-de-351-millones-de-pesos-y-una-sancion-del-banco-central\/","title":{"rendered":"Mimessi dej\u00f3 una deuda de 351 millones de pesos y una sanci\u00f3n del Banco Central"},"content":{"rendered":"\n<p>El contador de la Municipalidad de Tartagal Mario Paz expres\u00f3 en el programa \u201cACTIVA2\u201d que hoy el municipio no puede hacer uso de una asistencia financiera en el banco Macro para el pago de sueldos hasta agosto del a\u00f1o 2.024 por la falta de cumplimiento a la normativa del banco central.<\/p>\n\n\n\n<p>Adem\u00e1s, el contador Paz a\u00f1adi\u00f3 que \u201cLa deuda real existe y al d\u00eda 10 de diciembre ascend\u00eda a $351.000.000 Millones de pesos, \u201cla cuesti\u00f3n financiera es muy delicada\u201d Agreg\u00f3.<\/p>\n\n\n\n<p>El intendente actual Franco Hern\u00e1ndez expres\u00f3 en VT NOTICIAS, que hoy el municipio de Tartagal no puede realizar operaciones crediticias con ninguna entidad financiera de la Argentina porque tiene una sanci\u00f3n en el banco central por una deuda que super\u00f3 los 30 d\u00edas.<\/p>\n\n\n\n<p>Hern\u00e1ndez tambi\u00e9n hizo menci\u00f3n sobre algunas \u00e1reas de la municipalidad\u2026 y que en 30 d\u00edas habr\u00e1 un informe m\u00e1s completo del estado actual.<\/p>\n\n\n\n<p>Asegur\u00f3 que encontr\u00f3 un parque automotor totalmente destruido y los galpones de la Secretaria de desarrollo social del municipio vac\u00edos.<\/p>\n","protected":false},"excerpt":{"rendered":"<p>El contador de la Municipalidad de Tartagal Mario Paz expres\u00f3 en el programa \u201cACTIVA2\u201d que hoy el municipio no puede hacer uso de una asistencia financiera en el banco Macro para el pago de sueldos hasta agosto del a\u00f1o 2.024 por la falta de cumplimiento a la normativa del banco central. Adem\u00e1s, el contador Paz [&hellip;]<\/p>\n","protected":false},"author":2,"featured_media":48656,"comment_status":"open","ping_status":"open","sticky":false,"template":"","format":"standard","meta":{"tdm_status":"","tdm_grid_status":"","_joinchat":[],"footnotes":""},"categories":[59],"tags":[],"class_list":{"0":"post-70361","1":"post","2":"type-post","3":"status-publish","4":"format-standard","5":"has-post-thumbnail","7":"category-politica"},"amp_enabled":true,"_links":{"self":[{"href":"https:\/\/www.todoeldia.com\/index.php\/wp-json\/wp\/v2\/posts\/70361","targetHints":{"allow":["GET"]}}],"collection":[{"href":"https:\/\/www.todoeldia.com\/index.php\/wp-json\/wp\/v2\/posts"}],"about":[{"href":"https:\/\/www.todoeldia.com\/index.php\/wp-json\/wp\/v2\/types\/post"}],"author":[{"embeddable":true,"href":"https:\/\/www.todoeldia.com\/index.php\/wp-json\/wp\/v2\/users\/2"}],"replies":[{"embeddable":true,"href":"https:\/\/www.todoeldia.com\/index.php\/wp-json\/wp\/v2\/comments?post=70361"}],"version-history":[{"count":1,"href":"https:\/\/www.todoeldia.com\/index.php\/wp-json\/wp\/v2\/posts\/70361\/revisions"}],"predecessor-version":[{"id":70362,"href":"https:\/\/www.todoeldia.com\/index.php\/wp-json\/wp\/v2\/posts\/70361\/revisions\/70362"}],"wp:featuredmedia":[{"embeddable":true,"href":"https:\/\/www.todoeldia.com\/index.php\/wp-json\/wp\/v2\/media\/48656"}],"wp:attachment":[{"href":"https:\/\/www.todoeldia.com\/index.php\/wp-json\/wp\/v2\/media?parent=70361"}],"wp:term":[{"taxonomy":"category","embeddable":true,"href":"https:\/\/www.todoeldia.com\/index.php\/wp-json\/wp\/v2\/categories?post=70361"},{"taxonomy":"post_tag","embeddable":true,"href":"https:\/\/www.todoeldia.com\/index.php\/wp-json\/wp\/v2\/tags?post=70361"}],"curies":[{"name":"wp","href":"https:\/\/api.w.org\/{rel}","templated":true}]}}