{"id":70363,"date":"2023-12-27T11:54:54","date_gmt":"2023-12-27T14:54:54","guid":{"rendered":"https:\/\/www.todoeldia.com\/?p=70363"},"modified":"2023-12-27T11:54:54","modified_gmt":"2023-12-27T14:54:54","slug":"el-perro-santillan-y-dirigentes-jujenos-que-iban-a-la-marcha-de-la-cgt-demorados-en-zarate","status":"publish","type":"post","link":"https:\/\/www.todoeldia.com\/index.php\/2023\/12\/27\/el-perro-santillan-y-dirigentes-jujenos-que-iban-a-la-marcha-de-la-cgt-demorados-en-zarate\/","title":{"rendered":"El \u201cPerro\u201d Santill\u00e1n y dirigentes juje\u00f1os que iban a la marcha de la CGT demorados en Z\u00e1rate"},"content":{"rendered":"\n<p>Una comitiva de 45 personas, entre ellos referentes gremiales sociales y de DDHH se trasladaban a la protesta nacional contra el DNU del presidente Javier Milei cuando fueron demorados por personal de Gendarmer\u00eda Nacional. No les permitieron bajar. \u201cEs muy grave esto, atacan nuestros derechos\u201d, declar\u00f3 Carlos \u201cEl Perro\u201d Santill\u00e1n desde el interior del micro.<\/p>\n\n\n\n<p>Un colectivo con una comitiva de aproximadamente 45 personas, entre ellas referentes gremiales, sociales y de Derechos Humanos parti\u00f3 de Jujuy rumbo a Buenos Aires para participar de la marcha nacional de la CGT contra el DNU del presidente Javier Milei.<\/p>\n\n\n\n<p>Sin embargo, no pudo llegar a su destino debido a que en la localidad de Z\u00e1rate fueron interceptados y demorados por personal de Gendarmer\u00eda Nacional quienes los trasladaron y escoltaron hacia otro sector y les impidieron descender del micro.<\/p>\n\n\n\n<p>Entre los implicados est\u00e1 el hist\u00f3rico dirigente juje\u00f1o Carlos \u201cEl Perro Santill\u00e1n\u201d.<\/p>\n","protected":false},"excerpt":{"rendered":"<p>Una comitiva de 45 personas, entre ellos referentes gremiales sociales y de DDHH se trasladaban a la protesta nacional contra el DNU del presidente Javier Milei cuando fueron demorados por personal de Gendarmer\u00eda Nacional. No les permitieron bajar. \u201cEs muy grave esto, atacan nuestros derechos\u201d, declar\u00f3 Carlos \u201cEl Perro\u201d Santill\u00e1n desde el interior del micro. [&hellip;]<\/p>\n","protected":false},"author":2,"featured_media":70364,"comment_status":"open","ping_status":"open","sticky":false,"template":"","format":"standard","meta":{"tdm_status":"","tdm_grid_status":"","_joinchat":[],"footnotes":""},"categories":[59],"tags":[],"class_list":{"0":"post-70363","1":"post","2":"type-post","3":"status-publish","4":"format-standard","5":"has-post-thumbnail","7":"category-politica"},"amp_enabled":true,"_links":{"self":[{"href":"https:\/\/www.todoeldia.com\/index.php\/wp-json\/wp\/v2\/posts\/70363","targetHints":{"allow":["GET"]}}],"collection":[{"href":"https:\/\/www.todoeldia.com\/index.php\/wp-json\/wp\/v2\/posts"}],"about":[{"href":"https:\/\/www.todoeldia.com\/index.php\/wp-json\/wp\/v2\/types\/post"}],"author":[{"embeddable":true,"href":"https:\/\/www.todoeldia.com\/index.php\/wp-json\/wp\/v2\/users\/2"}],"replies":[{"embeddable":true,"href":"https:\/\/www.todoeldia.com\/index.php\/wp-json\/wp\/v2\/comments?post=70363"}],"version-history":[{"count":1,"href":"https:\/\/www.todoeldia.com\/index.php\/wp-json\/wp\/v2\/posts\/70363\/revisions"}],"predecessor-version":[{"id":70365,"href":"https:\/\/www.todoeldia.com\/index.php\/wp-json\/wp\/v2\/posts\/70363\/revisions\/70365"}],"wp:featuredmedia":[{"embeddable":true,"href":"https:\/\/www.todoeldia.com\/index.php\/wp-json\/wp\/v2\/media\/70364"}],"wp:attachment":[{"href":"https:\/\/www.todoeldia.com\/index.php\/wp-json\/wp\/v2\/media?parent=70363"}],"wp:term":[{"taxonomy":"category","embeddable":true,"href":"https:\/\/www.todoeldia.com\/index.php\/wp-json\/wp\/v2\/categories?post=70363"},{"taxonomy":"post_tag","embeddable":true,"href":"https:\/\/www.todoeldia.com\/index.php\/wp-json\/wp\/v2\/tags?post=70363"}],"curies":[{"name":"wp","href":"https:\/\/api.w.org\/{rel}","templated":true}]}}